{"id":17209,"date":"2020-01-13T18:37:00","date_gmt":"2020-01-13T21:37:00","guid":{"rendered":"http:\/\/primiciasclorinda.com\/?p=17209"},"modified":"2020-01-13T18:37:00","modified_gmt":"2020-01-13T21:37:00","slug":"iniciaron-los-trabajos-de-acondicionamiento-para-la-fiesta-nacional-de-la-corvina","status":"publish","type":"post","link":"https:\/\/primiciasclorinda.com\/?p=17209","title":{"rendered":"Iniciaron los trabajos de acondicionamiento para la Fiesta Nacional de la Corvina"},"content":{"rendered":"<p style=\"text-align: justify;\">Este lunes organismos provinciales y municipales y emprendedores locales, recorrieron los dos predios principales donde se realizan las actividades en el marco de la Fiesta Nacional de la corvina, que se realizar\u00e1 el 7, 8 y 9 de febrero en la localidad de Herradura.<\/p>\n<p style=\"text-align: justify;\">Tras la primera reuni\u00f3n de coordinaci\u00f3n para la pr\u00f3xima edici\u00f3n del evento, que sucedi\u00f3 el viernes pasado, las autoridades y los comerciantes, inspeccionaron las condiciones de la playa donde se realiza el torneo de pesca y el almuerzo de la entrega de premios y el imponente predio donde se lleva a cabo el festival con la expo corvina.<br \/>\nEl lanzamiento oficial est\u00e1 planificado para el 17 de enero si no existe ning\u00fan inconveniente hasta esa fecha.<\/p>\n<p style=\"text-align: justify;\">El diputado nacional Ramiro Fern\u00e1ndez Patri, quien estuvo presente, dijo que est\u00e1n conformes por el \u201ccompromiso que hay de los organismos nacionales, provinciales y municipales que trabajan de forma coordinada con la premisa que nos dio el Gobenador Insfr\u00e1n que en momento de crisis es donde m\u00e1s unidos tenemos que estar\u201d.<\/p>\n<p style=\"text-align: justify;\">\u201cEs una fiesta que va a ser austera pero no por eso va a ser de menor calidad sino que va a ser una fiesta con esp\u00edritu formose\u00f1o, con artistas principalmente formose\u00f1os y regionales y seguramente alguno que otro nacional\u201d, sostuvo el legislador.<br \/>\nY agreg\u00f3: \u201cLo importante es que Herradura se est\u00e1 consolidando como una villa tur\u00edstica que tiene hoy m\u00e1s de veinte emprendimiento de caba\u00f1as que no esperan a la fiesta para tener actividad, sino que lo tienen desde los primeros d\u00edas de diciembre, hay mucha ocupaci\u00f3n hotelera, actividad de pesca, entre otros\u201d.<\/p>\n<p style=\"text-align: justify;\">En ese sentido, inst\u00f3 a los herradure\u00f1os a apropiarse de la actividad tur\u00edstica y ser creativos al momento de ofrecer su mano de obra, capital y\/o propiedades para un sentido tur\u00edstico.<br \/>\n\u201cUna vivienda que usan todo el a\u00f1o, en temporada alta pueden adaptarla para un turista porque ac\u00e1 la capacidad hotelera no alcanza, o aquella se\u00f1ora o se\u00f1or que cocina mucho pero solo para su familia, en esta temporada tienen que ofrecerlo como un emprendimiento, porque ac\u00e1 va a haber una demanda muy importante y todos tienen que pensar que esa capacidad que tienen ahora la tienen que ofrecer para los dem\u00e1s\u201d, explic\u00f3 Fern\u00e1ndez Patri.<\/p>\n<p style=\"text-align: justify;\">Adem\u00e1s record\u00f3 que el Ministerio de Cultura y Educaci\u00f3n gener\u00f3 una extensi\u00f3n curricular en el Instituto Universitario de Laguna Blanca, donde durante un a\u00f1o se formaron los herradure\u00f1os como licenciados en turismo y hoy est\u00e1n prestando sus servicios en la localidad.<br \/>\n\u201cSe est\u00e1 profesionalizando la parte gastron\u00f3mica, mucha de las emprendedoras ya no solo lo hacen con los saberes aprendidos de generaci\u00f3n en generaci\u00f3n sino que tambi\u00e9n se van formando\u201d, manifest\u00f3.<\/p>\n<p style=\"text-align: justify;\">Tambi\u00e9n, el legislador, afirm\u00f3 que cada uno de los organismos \u201cestamos viendo las necesidades que hay\u201d y manteniendo conversaciones con los emprendedores de la zona.<br \/>\n\u201cEstamos yendo a ver el emprendimiento de una guarder\u00eda n\u00e1utica nueva que hay, que es de la familia Nenning que tambi\u00e9n tiene algunas demandas que el Estado provincial est\u00e1 acompa\u00f1ando, con servicios, con caminos, con energ\u00eda el\u00e9ctrica, para que finalice la guarder\u00eda\u201d, relat\u00f3.<br \/>\nFernandez Patri sentenci\u00f3 que desde el nacimiento de la Fiesta de la Corvina, hace veinte a\u00f1os, en el 2000, Herradura \u201cfue avanzando\u201d y que \u201cesto tiene que ser un ejemplo para que otros municipios vayan tomando este tipo de festivales como una forma de que sea el est\u00edmulo para el desarrollo de esta actividad\u201d.<\/p>\n<p style=\"text-align: justify;\">Heizenreder<\/p>\n<p style=\"text-align: justify;\">Por su parte, el intendente de Herradura Ernesto Heizenreder, agradeci\u00f3 el apoyo del gobernador Dr. Gildo Insfr\u00e1n \u201cel gobernador alienta mucho a este equipo, que es nuevo, nos brinda adem\u00e1s el equipo log\u00edstico y operativo\u201d.<\/p>\n<p style=\"text-align: justify;\">En ese sentido explic\u00f3 que \u201ces un placer estar planificamos las actividades para el 7,8 y 9. Trabajando en equipo con los organismos provinciales y las fuerzas de seguridad\u201d.<br \/>\nAgreg\u00f3 que el gobernador indic\u00f3 un perfil tur\u00edstico para la localidad y bajo esa premisa se piensa y se elabora, \u201ctenemos grandes expectativas porque Herradura est\u00e1 pasando una temporada muy especial, cuenta con una buena cantidad de emprendimientos que brindan alojamiento, los campings est\u00e1n colmados de visitantes y ya se est\u00e1 creando un lindo clima para nuestra Fiesta de la Corvina\u201d.<\/p>\n<p style=\"text-align: justify;\">Seguridad<\/p>\n<p style=\"text-align: justify;\">El Jefe interino del Departamento de Operaciones Policiales, Faustino Amarilla, resalt\u00f3 que como cada a\u00f1o la fuerza policial estar\u00e1 presente en el evento \u201cse prev\u00e9 una gran asistencia de p\u00fablico y estamos evaluando, con las dem\u00e1s autoridades, el estado del predio. Una vez terminado pondremos a disposici\u00f3n los recursos humanos y log\u00edsticos que sean necesarios, y as\u00ed poder anticiparnos ante cualquier situaci\u00f3n\u201d.<br \/>\nSobre la seguridad en ruta, Amarilla coment\u00f3 que se encuentran trabajando en coordinaci\u00f3n con Gendarmer\u00eda Nacional para establecer en qu\u00e9 puntos se van a colocar los puestos de controles policiales y de Gendarmer\u00eda.<br \/>\n\u201cLa finalidad de los dos organismos es la prevenci\u00f3n de accidentes de tr\u00e1nsito y velar por la seguridad de todas las personas que asisten al evento y que regresen a salvo a sus casas\u201d, cerr\u00f3.<\/p>\n","protected":false},"excerpt":{"rendered":"<div class=\"mh-excerpt\"><p>Este lunes organismos provinciales y municipales y emprendedores locales, recorrieron los dos predios principales donde se realizan las actividades en el marco de la Fiesta <a class=\"mh-excerpt-more\" href=\"https:\/\/primiciasclorinda.com\/?p=17209\" title=\"Iniciaron los trabajos de acondicionamiento para la Fiesta Nacional de la Corvina\">[&#8230;]<\/a><\/p>\n<\/div>","protected":false},"author":3,"featured_media":17210,"comment_status":"open","ping_status":"open","sticky":false,"template":"","format":"standard","meta":{"footnotes":""},"categories":[4],"tags":[851,16],"class_list":["post-17209","post","type-post","status-publish","format-standard","has-post-thumbnail","hentry","category-informacion-general","tag-fiesta-de-la-corvina","tag-turismo"],"_links":{"self":[{"href":"https:\/\/primiciasclorinda.com\/index.php?rest_route=\/wp\/v2\/posts\/17209","targetHints":{"allow":["GET"]}}],"collection":[{"href":"https:\/\/primiciasclorinda.com\/index.php?rest_route=\/wp\/v2\/posts"}],"about":[{"href":"https:\/\/primiciasclorinda.com\/index.php?rest_route=\/wp\/v2\/types\/post"}],"author":[{"embeddable":true,"href":"https:\/\/primiciasclorinda.com\/index.php?rest_route=\/wp\/v2\/users\/3"}],"replies":[{"embeddable":true,"href":"https:\/\/primiciasclorinda.com\/index.php?rest_route=%2Fwp%2Fv2%2Fcomments&post=17209"}],"version-history":[{"count":1,"href":"https:\/\/primiciasclorinda.com\/index.php?rest_route=\/wp\/v2\/posts\/17209\/revisions"}],"predecessor-version":[{"id":17211,"href":"https:\/\/primiciasclorinda.com\/index.php?rest_route=\/wp\/v2\/posts\/17209\/revisions\/17211"}],"wp:featuredmedia":[{"embeddable":true,"href":"https:\/\/primiciasclorinda.com\/index.php?rest_route=\/wp\/v2\/media\/17210"}],"wp:attachment":[{"href":"https:\/\/primiciasclorinda.com\/index.php?rest_route=%2Fwp%2Fv2%2Fmedia&parent=17209"}],"wp:term":[{"taxonomy":"category","embeddable":true,"href":"https:\/\/primiciasclorinda.com\/index.php?rest_route=%2Fwp%2Fv2%2Fcategories&post=17209"},{"taxonomy":"post_tag","embeddable":true,"href":"https:\/\/primiciasclorinda.com\/index.php?rest_route=%2Fwp%2Fv2%2Ftags&post=17209"}],"curies":[{"name":"wp","href":"https:\/\/api.w.org\/{rel}","templated":true}]}}