{"id":17018,"date":"2019-12-26T07:24:23","date_gmt":"2019-12-26T10:24:23","guid":{"rendered":"http:\/\/primiciasclorinda.com\/?p=17018"},"modified":"2019-12-26T07:24:23","modified_gmt":"2019-12-26T10:24:23","slug":"agustin-cantero-acompano-a-la-misionera-belen-perez-quien-es-la-nueva-presidenta-de-la-jr-nacional","status":"publish","type":"post","link":"https:\/\/primiciasclorinda.com\/?p=17018","title":{"rendered":"Agust\u00edn Cantero acompa\u00f1\u00f3 a la misionera Belen P\u00e9rez, quien es la nueva presidenta de la JR Nacional"},"content":{"rendered":"<p style=\"text-align: justify;\">El pasado viernes la Juventud Radical Nacional renov\u00f3 autoridades resultando electa Bel\u00e9n P\u00e9rez, de Misiones y conducir\u00e1 los destinos de la organizaci\u00f3n juvenil por dos a\u00f1os.<\/p>\n<p style=\"text-align: justify;\">El presidente de la JR Clorinda, Agust\u00edn Cantero, acompa\u00f1\u00f3 a la Cantera Popular en Buenos Aires, que conduce el comit\u00e9 desde el 2004.<\/p>\n<p style=\"text-align: justify;\">\u201cAcompa\u00f1ar a los amigos y seguir construyendo radicalismo juvenil, son cosas que nos inyectan ganas para volver a Formosa y seguir militando\u201d destac\u00f3 Cantero.<\/p>\n<p style=\"text-align: justify;\">Hablo de colaborar con la gesti\u00f3n nacional, \u201cdesde nuestro lugar vamos a aportar para que Belen haga la mejor gesti\u00f3n posible, las puertas estar\u00e1n abiertas siempre\u201d.<\/p>\n<p style=\"text-align: justify;\">\u201cDestacar tambi\u00e9n la tarea de Luciana Rached, quien termin\u00f3 su mandato, y que por primera vez se produce una renovaci\u00f3n de conducci\u00f3n con dos mujeres al frente, esto habla de un radicalismo acorde a los tiempos que vivimos\u201d.<\/p>\n<p style=\"text-align: justify;\">Por \u00faltimo cerr\u00f3, \u201cvamos a seguir por este rumbo, creemos que fortalecer la juventud es el desaf\u00edo para la construcci\u00f3n de la Argentina qu\u00e9 nos merecemos \u201c.<\/p>\n","protected":false},"excerpt":{"rendered":"<div class=\"mh-excerpt\"><p>El pasado viernes la Juventud Radical Nacional renov\u00f3 autoridades resultando electa Bel\u00e9n P\u00e9rez, de Misiones y conducir\u00e1 los destinos de la organizaci\u00f3n juvenil por dos <a class=\"mh-excerpt-more\" href=\"https:\/\/primiciasclorinda.com\/?p=17018\" title=\"Agust\u00edn Cantero acompa\u00f1\u00f3 a la misionera Belen P\u00e9rez, quien es la nueva presidenta de la JR Nacional\">[&#8230;]<\/a><\/p>\n<\/div>","protected":false},"author":3,"featured_media":17019,"comment_status":"open","ping_status":"open","sticky":false,"template":"","format":"standard","meta":{"footnotes":""},"categories":[3],"tags":[1525,355,57],"class_list":["post-17018","post","type-post","status-publish","format-standard","has-post-thumbnail","hentry","category-politica-economia","tag-agustin-cantero","tag-jr","tag-ucr"],"_links":{"self":[{"href":"https:\/\/primiciasclorinda.com\/index.php?rest_route=\/wp\/v2\/posts\/17018","targetHints":{"allow":["GET"]}}],"collection":[{"href":"https:\/\/primiciasclorinda.com\/index.php?rest_route=\/wp\/v2\/posts"}],"about":[{"href":"https:\/\/primiciasclorinda.com\/index.php?rest_route=\/wp\/v2\/types\/post"}],"author":[{"embeddable":true,"href":"https:\/\/primiciasclorinda.com\/index.php?rest_route=\/wp\/v2\/users\/3"}],"replies":[{"embeddable":true,"href":"https:\/\/primiciasclorinda.com\/index.php?rest_route=%2Fwp%2Fv2%2Fcomments&post=17018"}],"version-history":[{"count":1,"href":"https:\/\/primiciasclorinda.com\/index.php?rest_route=\/wp\/v2\/posts\/17018\/revisions"}],"predecessor-version":[{"id":17020,"href":"https:\/\/primiciasclorinda.com\/index.php?rest_route=\/wp\/v2\/posts\/17018\/revisions\/17020"}],"wp:featuredmedia":[{"embeddable":true,"href":"https:\/\/primiciasclorinda.com\/index.php?rest_route=\/wp\/v2\/media\/17019"}],"wp:attachment":[{"href":"https:\/\/primiciasclorinda.com\/index.php?rest_route=%2Fwp%2Fv2%2Fmedia&parent=17018"}],"wp:term":[{"taxonomy":"category","embeddable":true,"href":"https:\/\/primiciasclorinda.com\/index.php?rest_route=%2Fwp%2Fv2%2Fcategories&post=17018"},{"taxonomy":"post_tag","embeddable":true,"href":"https:\/\/primiciasclorinda.com\/index.php?rest_route=%2Fwp%2Fv2%2Ftags&post=17018"}],"curies":[{"name":"wp","href":"https:\/\/api.w.org\/{rel}","templated":true}]}}