{"id":16810,"date":"2019-12-09T18:08:12","date_gmt":"2019-12-09T21:08:12","guid":{"rendered":"http:\/\/primiciasclorinda.com\/?p=16810"},"modified":"2019-12-09T18:08:12","modified_gmt":"2019-12-09T21:08:12","slug":"cafiero-aseguro-que-el-objetivo-del-gabinete-sera-resolver-la-calidad-de-vida-de-los-argentinos","status":"publish","type":"post","link":"https:\/\/primiciasclorinda.com\/?p=16810","title":{"rendered":"Cafiero asegur\u00f3 que el objetivo del gabinete ser\u00e1 \u00abresolver la calidad de vida de los argentinos\u00bb"},"content":{"rendered":"<p style=\"text-align: justify;\">El futuro jefe de Gabinete, Santiago Cafiero, asegur\u00f3 hoy que el equipo de ministros que ma\u00f1ana asumir\u00e1 sus funciones para acompa\u00f1ar al presidente Alberto Fern\u00e1ndez en su gobierno trabajar\u00e1 para \u00abno perder de vista nunca\u00bb que el objetivo es \u00abresolver un poco cada d\u00eda la calidad de vida de los argentinos\u00bb.<\/p>\n<p>El futuro jefe de Gabinete, Santiago Cafiero, asegur\u00f3 hoy que el equipo de ministros que ma\u00f1ana asumir\u00e1 sus funciones para acompa\u00f1ar al presidente Alberto Fern\u00e1ndez en su gobierno trabajar\u00e1 para \u00abno perder de vista nunca\u00bb que el objetivo es \u00abresolver un poco cada d\u00eda la calidad de vida de los argentinos\u00bb.<\/p>\n<p style=\"text-align: justify;\">\u00abLa tarea del gabinete es trabajar en las nuevas prioridades que nos ha marcado el Presidente, que son ni m\u00e1s ni menos que las Estado se aproxime y se acerque y empiece a resolver un poco cada d\u00eda la calidad de vida de los argentinos\u00bb, dijo Cafiero en di\u00e1logo con radio Diez.<\/p>\n<p style=\"text-align: justify;\">Agreg\u00f3 que en eso trabajar\u00e1 \u00abel gabinete que tanta expectativa despierta\u00bb, y destac\u00f3 que el objetivo es \u00abno perder de vista nunca\u00bb esas prioridades, al tiempo que revel\u00f3: \u00abAlberto me pidi\u00f3 que machaque a cada uno de los gobernadores\u00bb en ese sentido.<\/p>\n<p style=\"text-align: justify;\">El jefe de Gabinete designado por Alberto Fern\u00e1ndez para acompa\u00f1arlo en la gesti\u00f3n que comenzar\u00e1 ma\u00f1ana asegur\u00f3 tambi\u00e9n que este gobierno ser\u00e1 \u00abmuy distinto\u00bb al anterior, porque se trata de \u00abun equipo de trabajo, de militantes, de hombres y mujeres muy comprometidos desde el primer d\u00eda que no piensan en los cargos que van a ocupar sino en cu\u00e1l es la tarea que van a desarrollar y ponen sus valores y convicciones por delante de cualquier especulaci\u00f3n\u00bb.<\/p>\n<p style=\"text-align: justify;\">Dijo tambi\u00e9n que las prioridades que ha marcado el presidente electo \u00abno son ni m\u00e1s ni menos que las prioridades de un pa\u00eds que est\u00e1 sufriendo, que padece y que necesita que el Estado se aproxime y se acerque\u00bb.<\/p>\n<p style=\"text-align: justify;\">Asumi\u00f3 el compromiso de cumplir con la \u00abexpectativa generalizada\u00bb que \u00abes mucho m\u00e1s que los votos conseguido\u00bb, porque \u00abla sociedad tambi\u00e9n est\u00e1 pidiendo que nos juntemos en la diversidad y que no anulemos al otro, que quiz\u00e1 hay opiniones que pueden no gustar pero pueden enriquecer el debate, y esa es la manda que tenemos\u00bb.<\/p>\n<p style=\"text-align: justify;\">Cafiero hizo hincapi\u00e9 en \u00abla inmoralidad del hambre\u00bb en la Argentina, donde \u00abuno de cada dos chicos son pobres, hay abuelos que se saltean comidas y chicos que no cenan\u00bb, y afirm\u00f3 que \u00abestas cuestiones son las que hay que ir resolviendo\u00bb y que \u00abhay que mirar para adelante y no echar culpas\u00bb.<\/p>\n<p style=\"text-align: justify;\">No obstante, dijo que no se puede evitar reconocer que \u00abes un calvario\u00bb la situaci\u00f3n de Argentina debido a que hay \u00ab5 millones nuevos de pobres por este gobierno que no pudo resolver los problemas de la gente\u00bb y, en este marco, dijo que es importante el \u00abdiagn\u00f3stico\u00bb para \u00abseguir adelante\u00bb.<\/p>\n<p style=\"text-align: justify;\">Al recordar a su abuelo Antonio Cafiero, consider\u00f3 que \u00abestar\u00eda muy conforme con este presente del pa\u00eds\u00bb y \u00abel lugar\u00bb que le est\u00e1 concediendo Alberto Fern\u00e1ndez, as\u00ed como tambi\u00e9n por \u00abesta idea de cultura democr\u00e1tica\u00bb, de \u00abavanzar en valores\u00bb.<\/p>\n<p style=\"text-align: justify;\">Finalmente, dej\u00f3 claro que todos los que integran el pr\u00f3ximo gobierno son \u00abmilitantes pol\u00edticos\u00bb y que para ellos \u00ablos equilibrios fiscales sin equilibrios sociales no sirven\u00bb, por lo que el principal objetivo es \u00absacar a la gente de la pobreza, generar empleo, que las pymes produzcan y que Argentina sea un pa\u00eds pujante\u00bb.<\/p>\n","protected":false},"excerpt":{"rendered":"<div class=\"mh-excerpt\"><p>El futuro jefe de Gabinete, Santiago Cafiero, asegur\u00f3 hoy que el equipo de ministros que ma\u00f1ana asumir\u00e1 sus funciones para acompa\u00f1ar al presidente Alberto Fern\u00e1ndez <a class=\"mh-excerpt-more\" href=\"https:\/\/primiciasclorinda.com\/?p=16810\" title=\"Cafiero asegur\u00f3 que el objetivo del gabinete ser\u00e1 \u00abresolver la calidad de vida de los argentinos\u00bb\">[&#8230;]<\/a><\/p>\n<\/div>","protected":false},"author":3,"featured_media":16820,"comment_status":"open","ping_status":"open","sticky":false,"template":"","format":"standard","meta":{"footnotes":""},"categories":[3],"tags":[2795,2796],"class_list":["post-16810","post","type-post","status-publish","format-standard","has-post-thumbnail","hentry","category-politica-economia","tag-cafiero","tag-nuevo-gabinete"],"_links":{"self":[{"href":"https:\/\/primiciasclorinda.com\/index.php?rest_route=\/wp\/v2\/posts\/16810","targetHints":{"allow":["GET"]}}],"collection":[{"href":"https:\/\/primiciasclorinda.com\/index.php?rest_route=\/wp\/v2\/posts"}],"about":[{"href":"https:\/\/primiciasclorinda.com\/index.php?rest_route=\/wp\/v2\/types\/post"}],"author":[{"embeddable":true,"href":"https:\/\/primiciasclorinda.com\/index.php?rest_route=\/wp\/v2\/users\/3"}],"replies":[{"embeddable":true,"href":"https:\/\/primiciasclorinda.com\/index.php?rest_route=%2Fwp%2Fv2%2Fcomments&post=16810"}],"version-history":[{"count":1,"href":"https:\/\/primiciasclorinda.com\/index.php?rest_route=\/wp\/v2\/posts\/16810\/revisions"}],"predecessor-version":[{"id":16821,"href":"https:\/\/primiciasclorinda.com\/index.php?rest_route=\/wp\/v2\/posts\/16810\/revisions\/16821"}],"wp:featuredmedia":[{"embeddable":true,"href":"https:\/\/primiciasclorinda.com\/index.php?rest_route=\/wp\/v2\/media\/16820"}],"wp:attachment":[{"href":"https:\/\/primiciasclorinda.com\/index.php?rest_route=%2Fwp%2Fv2%2Fmedia&parent=16810"}],"wp:term":[{"taxonomy":"category","embeddable":true,"href":"https:\/\/primiciasclorinda.com\/index.php?rest_route=%2Fwp%2Fv2%2Fcategories&post=16810"},{"taxonomy":"post_tag","embeddable":true,"href":"https:\/\/primiciasclorinda.com\/index.php?rest_route=%2Fwp%2Fv2%2Ftags&post=16810"}],"curies":[{"name":"wp","href":"https:\/\/api.w.org\/{rel}","templated":true}]}}