{"id":16789,"date":"2019-12-05T16:22:05","date_gmt":"2019-12-05T19:22:05","guid":{"rendered":"http:\/\/primiciasclorinda.com\/?p=16789"},"modified":"2019-12-05T16:22:05","modified_gmt":"2019-12-05T19:22:05","slug":"macri-hara-este-jueves-un-balance-de-su-gestion-por-cadena-nacional","status":"publish","type":"post","link":"https:\/\/primiciasclorinda.com\/?p=16789","title":{"rendered":"Macri har\u00e1 este jueves un balance de su gesti\u00f3n por cadena nacional"},"content":{"rendered":"<p style=\"text-align: justify;\">Un decreto publicado en el Bolet\u00edn Oficial confirma que el Presidente dar\u00e1 a conocer hoy un informe sobre el estado de la Naci\u00f3n. Lo har\u00e1 a cinco d\u00edas del traspaso de mando.<\/p>\n<p style=\"text-align: justify;\">Mauricio Macri emitir\u00e1 este jueves por cadena nacional el informe de sus cuatro a\u00f1os de gesti\u00f3n. Ser\u00e1 transmitido a la ciudadan\u00eda esta noche y durar\u00e1 poco m\u00e1s de media hora.<\/p>\n<p style=\"text-align: justify;\">La decisi\u00f3n de utilizar la cadena por primera vez durante su gesti\u00f3n se confirm\u00f3 a trav\u00e9s de un decreto publicado en el Bolet\u00edn Oficial.<\/p>\n<p style=\"text-align: justify;\">El decreto 815\/2019 indica que \u201cprevio a la finalizaci\u00f3n del mandato presidencial\u201d, el Poder Ejecutivo deber\u00e1 \u201cinformar a la ciudadan\u00eda sobre el estado de la Naci\u00f3n resultante de los cuatro (4) a\u00f1os de gesti\u00f3n\u201d. En efecto, Mauricio Macri lo har\u00e1 esta noche, a 5 d\u00edas de dejar el Gobierno.<\/p>\n<p style=\"text-align: justify;\">Seg\u00fan trascendi\u00f3, el mandatario buscar\u00e1 destacar lo que considera sus logros en \u00e1reas como Seguridad y Obras P\u00fablicas. Adem\u00e1s hablar\u00e1 de los \u00abpendientes\u00bb.<\/p>\n<p style=\"text-align: justify;\">En el comunicado se aclar\u00f3 que \u201cen atenci\u00f3n a su trascendencia institucional, dicha informaci\u00f3n ser\u00e1 difundida a trav\u00e9s de la cadena nacional y de otros medios de comunicaci\u00f3n\u00bb.<\/p>\n<p style=\"text-align: justify;\">En el Decreto, que lleva las firmas del Presidente y del jefe de Gabinete, Marcos Pe\u00f1a, se resalt\u00f3 que \u201cla rendici\u00f3n de cuentas es uno de los principios fundamentales sobre los que se asienta el sistema representativo y republicano que adopta nuestra Naci\u00f3n como forma de gobierno\u201d.<\/p>\n<p style=\"text-align: justify;\">\u00abAdem\u00e1s de cumplir rigurosamente con dichas mandas constitucionales, este Gobierno ha realizado importantes acciones en pos de fortalecer la rendici\u00f3n de cuentas a la ciudadan\u00eda, destac\u00e1ndose las pol\u00edticas en materia de transparencia activa, solicitudes de acceso a la informaci\u00f3n, gobierno abierto, declaraciones juradas, entre otras\u201d, se resalt\u00f3.<\/p>\n","protected":false},"excerpt":{"rendered":"<div class=\"mh-excerpt\"><p>Un decreto publicado en el Bolet\u00edn Oficial confirma que el Presidente dar\u00e1 a conocer hoy un informe sobre el estado de la Naci\u00f3n. Lo har\u00e1 <a class=\"mh-excerpt-more\" href=\"https:\/\/primiciasclorinda.com\/?p=16789\" title=\"Macri har\u00e1 este jueves un balance de su gesti\u00f3n por cadena nacional\">[&#8230;]<\/a><\/p>\n<\/div>","protected":false},"author":3,"featured_media":16585,"comment_status":"open","ping_status":"open","sticky":false,"template":"","format":"standard","meta":{"footnotes":""},"categories":[3],"tags":[2791,1585],"class_list":["post-16789","post","type-post","status-publish","format-standard","has-post-thumbnail","hentry","category-politica-economia","tag-cadena-nacional","tag-macri"],"_links":{"self":[{"href":"https:\/\/primiciasclorinda.com\/index.php?rest_route=\/wp\/v2\/posts\/16789","targetHints":{"allow":["GET"]}}],"collection":[{"href":"https:\/\/primiciasclorinda.com\/index.php?rest_route=\/wp\/v2\/posts"}],"about":[{"href":"https:\/\/primiciasclorinda.com\/index.php?rest_route=\/wp\/v2\/types\/post"}],"author":[{"embeddable":true,"href":"https:\/\/primiciasclorinda.com\/index.php?rest_route=\/wp\/v2\/users\/3"}],"replies":[{"embeddable":true,"href":"https:\/\/primiciasclorinda.com\/index.php?rest_route=%2Fwp%2Fv2%2Fcomments&post=16789"}],"version-history":[{"count":1,"href":"https:\/\/primiciasclorinda.com\/index.php?rest_route=\/wp\/v2\/posts\/16789\/revisions"}],"predecessor-version":[{"id":16790,"href":"https:\/\/primiciasclorinda.com\/index.php?rest_route=\/wp\/v2\/posts\/16789\/revisions\/16790"}],"wp:featuredmedia":[{"embeddable":true,"href":"https:\/\/primiciasclorinda.com\/index.php?rest_route=\/wp\/v2\/media\/16585"}],"wp:attachment":[{"href":"https:\/\/primiciasclorinda.com\/index.php?rest_route=%2Fwp%2Fv2%2Fmedia&parent=16789"}],"wp:term":[{"taxonomy":"category","embeddable":true,"href":"https:\/\/primiciasclorinda.com\/index.php?rest_route=%2Fwp%2Fv2%2Fcategories&post=16789"},{"taxonomy":"post_tag","embeddable":true,"href":"https:\/\/primiciasclorinda.com\/index.php?rest_route=%2Fwp%2Fv2%2Ftags&post=16789"}],"curies":[{"name":"wp","href":"https:\/\/api.w.org\/{rel}","templated":true}]}}