{"id":16780,"date":"2019-12-05T16:16:54","date_gmt":"2019-12-05T19:16:54","guid":{"rendered":"http:\/\/primiciasclorinda.com\/?p=16780"},"modified":"2019-12-05T16:16:54","modified_gmt":"2019-12-05T19:16:54","slug":"el-bloque-del-frente-de-todos-se-reunio-con-cristina-fernandez-de-kirchner","status":"publish","type":"post","link":"https:\/\/primiciasclorinda.com\/?p=16780","title":{"rendered":"El Bloque del Frente de Todos se reuni\u00f3 con Cristina Fern\u00e1ndez de Kirchner"},"content":{"rendered":"<p style=\"text-align: justify;\">El bloque de senadores nacionales del Frente de Todos -que preside el formose\u00f1o Jos\u00e9 Mayans- recibi\u00f3 esta tarde a la vicepresidenta electa, Cristina Fern\u00e1ndez de Kirchner, para agradecerle el esfuerzo realizado en pos de lograr la unificaci\u00f3n del peronismo que permiti\u00f3 alcanzar el resultado electoral de octubre \u00faltimo.<\/p>\n<p style=\"text-align: justify;\">En ese sentido, los legisladores remarcaron que el triunfo logrado es un compromiso para realizar los cambios de rumbo en las pol\u00edticas econ\u00f3micas y sociales en beneficio del conjunto del pueblo argentino, a partir del 10 de diciembre.<\/p>\n<p style=\"text-align: justify;\">Del encuentro, realizado en la sala de reuniones del bloque del Palacio Legislativo, participaron, adem\u00e1s de la ex presidenta Cristina Fern\u00e1ndez, 40 senadores nacionales, entre ellos los dos ex presidentes Carlos Menem y Adolfo Rodr\u00edguez Sa\u00e1.<\/p>\n<p style=\"text-align: justify;\">En la reuni\u00f3n, se analiz\u00f3 la compleja situaci\u00f3n econ\u00f3mica y social que atraviesa el pa\u00eds, ante lo cual la vicepresidenta electa resalt\u00f3 que, para sortear este momento, se necesita del esfuerzo de todos los sectores de la sociedad frente a los desaf\u00edos que se avecinan y ratific\u00f3 su compromiso de lucha para conseguir los objetivos que se trace el gobierno que asumir\u00e1 la semana pr\u00f3xima.<\/p>\n<p style=\"text-align: justify;\">Tambi\u00e9n, los senadores y la ex mandataria enfatizaron su preocupaci\u00f3n por el grado de endeudamiento que tienen varias provincias argentinas, la falta de financiamiento internacional, el impacto que tiene la deuda externa en relaci\u00f3n con el PBI; as\u00ed como por el nivel de desempleo, la situaci\u00f3n de los sistemas de salud y educativo, de la micro y macro econom\u00edas; y los inconvenientes que deben afrontar a diario las peque\u00f1as y medianas empresas.<\/p>\n<p style=\"text-align: justify;\">Los asistentes subrayaron, adem\u00e1s, la confianza del pueblo argentino que, con su voto, produjo el triunfo electoral del Frente de Todos en octubre \u00faltimo, para lograr el objetivo de activar las pol\u00edticas que lleven a revertir la situaci\u00f3n actual en que se encuentra el pa\u00eds. Insistieron en la necesidad de salir de una Argentina inclinada y propicia para la bicicleta financiera, para ingresar en una Argentina productiva, del empleo, la soberan\u00eda econ\u00f3mica y la justicia social.<\/p>\n","protected":false},"excerpt":{"rendered":"<div class=\"mh-excerpt\"><p>El bloque de senadores nacionales del Frente de Todos -que preside el formose\u00f1o Jos\u00e9 Mayans- recibi\u00f3 esta tarde a la vicepresidenta electa, Cristina Fern\u00e1ndez de <a class=\"mh-excerpt-more\" href=\"https:\/\/primiciasclorinda.com\/?p=16780\" title=\"El Bloque del Frente de Todos se reuni\u00f3 con Cristina Fern\u00e1ndez de Kirchner\">[&#8230;]<\/a><\/p>\n<\/div>","protected":false},"author":3,"featured_media":16781,"comment_status":"open","ping_status":"open","sticky":false,"template":"","format":"standard","meta":{"footnotes":""},"categories":[3],"tags":[554,2507,2773],"class_list":["post-16780","post","type-post","status-publish","format-standard","has-post-thumbnail","hentry","category-politica-economia","tag-cfk","tag-frente-de-todos","tag-senadores"],"_links":{"self":[{"href":"https:\/\/primiciasclorinda.com\/index.php?rest_route=\/wp\/v2\/posts\/16780","targetHints":{"allow":["GET"]}}],"collection":[{"href":"https:\/\/primiciasclorinda.com\/index.php?rest_route=\/wp\/v2\/posts"}],"about":[{"href":"https:\/\/primiciasclorinda.com\/index.php?rest_route=\/wp\/v2\/types\/post"}],"author":[{"embeddable":true,"href":"https:\/\/primiciasclorinda.com\/index.php?rest_route=\/wp\/v2\/users\/3"}],"replies":[{"embeddable":true,"href":"https:\/\/primiciasclorinda.com\/index.php?rest_route=%2Fwp%2Fv2%2Fcomments&post=16780"}],"version-history":[{"count":1,"href":"https:\/\/primiciasclorinda.com\/index.php?rest_route=\/wp\/v2\/posts\/16780\/revisions"}],"predecessor-version":[{"id":16782,"href":"https:\/\/primiciasclorinda.com\/index.php?rest_route=\/wp\/v2\/posts\/16780\/revisions\/16782"}],"wp:featuredmedia":[{"embeddable":true,"href":"https:\/\/primiciasclorinda.com\/index.php?rest_route=\/wp\/v2\/media\/16781"}],"wp:attachment":[{"href":"https:\/\/primiciasclorinda.com\/index.php?rest_route=%2Fwp%2Fv2%2Fmedia&parent=16780"}],"wp:term":[{"taxonomy":"category","embeddable":true,"href":"https:\/\/primiciasclorinda.com\/index.php?rest_route=%2Fwp%2Fv2%2Fcategories&post=16780"},{"taxonomy":"post_tag","embeddable":true,"href":"https:\/\/primiciasclorinda.com\/index.php?rest_route=%2Fwp%2Fv2%2Ftags&post=16780"}],"curies":[{"name":"wp","href":"https:\/\/api.w.org\/{rel}","templated":true}]}}