{"id":16765,"date":"2019-12-04T07:44:25","date_gmt":"2019-12-04T10:44:25","guid":{"rendered":"http:\/\/primiciasclorinda.com\/?p=16765"},"modified":"2019-12-04T07:44:25","modified_gmt":"2019-12-04T10:44:25","slug":"fernandez-confirmo-que-gines-gonzalez-garcia-sera-ministro-de-salud","status":"publish","type":"post","link":"https:\/\/primiciasclorinda.com\/?p=16765","title":{"rendered":"Fern\u00e1ndez confirm\u00f3 que Gin\u00e9s Gonz\u00e1lez Garc\u00eda ser\u00e1 ministro de Salud"},"content":{"rendered":"<p style=\"text-align: justify;\">El futuro presidente lo confirm\u00f3 al hablar en un acto en la Facultad de Medicina de la UBA, donde el ex ministro y ex embajador en Chile fue distinguido con el doctorado Honoris Causa en el \u00abD\u00eda del m\u00e9dico\u00bb.<\/p>\n<p style=\"text-align: justify;\">El futuro presidente Alberto Fern\u00e1ndez confirm\u00f3 que Gin\u00e9s Gonz\u00e1lez Garc\u00eda ser\u00e1 el ministro de Salud de la Naci\u00f3n de su gobierno.<\/p>\n<p style=\"text-align: justify;\">Lo dijo al hablar en un acto en la Facultad de Medicina de la UBA, donde el ex ministro y ex embajador en Chile fue distinguido con el doctorado Honoris Causa en el \u00abD\u00eda del m\u00e9dico\u00bb.<\/p>\n<p style=\"text-align: justify;\">\u00abUn d\u00eda lo llam\u00e9 a mi oficina y le dije: &#8216;Hice lo imposible para no tener que convocarte, pero te necesito. No te necesito yo, te necesita la Argentina que se ha vuelto a enfermar de sarampi\u00f3n, se ha vuelto a enfermar de varicela, se ha vuelto a enfermar de tuberculosis'\u00bb, dijo Fern\u00e1ndez ante el auditorio.<\/p>\n<p style=\"text-align: justify;\">Y enfatiz\u00f3: \u00abSon millones de argentinos que no tienen tiempo. No hay tiempo para perder, Gin\u00e9s. Ven\u00ed y hacete cargo que vos todo lo sab\u00e9s\u00bb.<\/p>\n<p style=\"text-align: justify;\">Gonz\u00e1lez Garc\u00eda, un m\u00e9dico sanitarista, fue nombrado ministro de Salud en 2002, durante el gobierno de Eduardo Duhalde. Cuando N\u00e9stor Kirckner lleg\u00f3 a la Presidencia lo ratific\u00f3 en el cargo, que ocup\u00f3 hasta 2007.<\/p>\n","protected":false},"excerpt":{"rendered":"<div class=\"mh-excerpt\"><p>El futuro presidente lo confirm\u00f3 al hablar en un acto en la Facultad de Medicina de la UBA, donde el ex ministro y ex embajador <a class=\"mh-excerpt-more\" href=\"https:\/\/primiciasclorinda.com\/?p=16765\" title=\"Fern\u00e1ndez confirm\u00f3 que Gin\u00e9s Gonz\u00e1lez Garc\u00eda ser\u00e1 ministro de Salud\">[&#8230;]<\/a><\/p>\n<\/div>","protected":false},"author":3,"featured_media":16767,"comment_status":"open","ping_status":"open","sticky":false,"template":"","format":"standard","meta":{"footnotes":""},"categories":[3],"tags":[2467,2790,881],"class_list":["post-16765","post","type-post","status-publish","format-standard","has-post-thumbnail","hentry","category-politica-economia","tag-alberto-fernandez","tag-gines-gonzalez-garcia","tag-salud"],"_links":{"self":[{"href":"https:\/\/primiciasclorinda.com\/index.php?rest_route=\/wp\/v2\/posts\/16765","targetHints":{"allow":["GET"]}}],"collection":[{"href":"https:\/\/primiciasclorinda.com\/index.php?rest_route=\/wp\/v2\/posts"}],"about":[{"href":"https:\/\/primiciasclorinda.com\/index.php?rest_route=\/wp\/v2\/types\/post"}],"author":[{"embeddable":true,"href":"https:\/\/primiciasclorinda.com\/index.php?rest_route=\/wp\/v2\/users\/3"}],"replies":[{"embeddable":true,"href":"https:\/\/primiciasclorinda.com\/index.php?rest_route=%2Fwp%2Fv2%2Fcomments&post=16765"}],"version-history":[{"count":1,"href":"https:\/\/primiciasclorinda.com\/index.php?rest_route=\/wp\/v2\/posts\/16765\/revisions"}],"predecessor-version":[{"id":16768,"href":"https:\/\/primiciasclorinda.com\/index.php?rest_route=\/wp\/v2\/posts\/16765\/revisions\/16768"}],"wp:featuredmedia":[{"embeddable":true,"href":"https:\/\/primiciasclorinda.com\/index.php?rest_route=\/wp\/v2\/media\/16767"}],"wp:attachment":[{"href":"https:\/\/primiciasclorinda.com\/index.php?rest_route=%2Fwp%2Fv2%2Fmedia&parent=16765"}],"wp:term":[{"taxonomy":"category","embeddable":true,"href":"https:\/\/primiciasclorinda.com\/index.php?rest_route=%2Fwp%2Fv2%2Fcategories&post=16765"},{"taxonomy":"post_tag","embeddable":true,"href":"https:\/\/primiciasclorinda.com\/index.php?rest_route=%2Fwp%2Fv2%2Ftags&post=16765"}],"curies":[{"name":"wp","href":"https:\/\/api.w.org\/{rel}","templated":true}]}}