{"id":16659,"date":"2019-11-28T16:46:32","date_gmt":"2019-11-28T19:46:32","guid":{"rendered":"http:\/\/primiciasclorinda.com\/?p=16659"},"modified":"2019-11-28T16:46:32","modified_gmt":"2019-11-28T19:46:32","slug":"insfran-asistio-en-el-congreso-al-juramento-de-los-nuevos-senadores","status":"publish","type":"post","link":"https:\/\/primiciasclorinda.com\/?p=16659","title":{"rendered":"Insfr\u00e1n asisti\u00f3 en el Congreso al Juramento de los nuevos senadores"},"content":{"rendered":"<p style=\"text-align: justify;\">El gobernador Gildo Insfran asisti\u00f3 este mi\u00e9rcoles en el Congreso de la Naci\u00f3n a la ceremonia de juramento de los nuevos senadores nacionales que fueron electos en los comicios realizados el 27 de octubre y cuyo mandato se extender\u00e1 hasta el a\u00f1os 2025.<\/p>\n<p style=\"text-align: justify;\">Pero, sobre todo, acompa\u00f1o a su amigo, el clorindense Jose Miguel \u00c1ngel Mayans, en su debut formal como presidente del bloque del Frente de Todos en la c\u00e1mara alta y quien tuvo activa participaci\u00f3n en la sesi\u00f3n, la ultima del a\u00f1o y que sirvi\u00f3 para despedir a quienes completaron su mandato y a la vicepresidenta de la Naci\u00f3n, Gabriela Michetti.<\/p>\n<p style=\"text-align: justify;\">Insfran estuvo ubicado en las cercan\u00edas del estrado central del Senado acompa\u00f1ado, entre otros, por el gobernador de Santiago del Estero, Gerardo Zamora; el presidente del PJ Jose Luis Gioja y el ministro del Interior del gobierno nacional saliente Rogelio Frigerio.<\/p>\n<p style=\"text-align: justify;\">El mandatario formose\u00f1o saludo particularmente al ex canciller Jorge Taiana, quien ocupara la banca que deja Cristina Fernandez de Kirchner y a Marcelo Fuentes quien completa su mandato como senador y asumi\u00f3 como nuevo Secretario Parlamentario del Senado.<\/p>\n<p style=\"text-align: justify;\">Ademas, fue testigo del nombramiento de Claudia Ledesma Abdala, ex gobernadora de Santiago del Estero y esposa de Gerardo Zamora, como nueva presidenta provisional del Senado en reemplazo de Federico Pinedo.<\/p>\n<p style=\"text-align: justify;\">Entretanto, el ex gobernador de Misiones, Maurice Closs juro como vicepresidente primero del cuerpo y Mariano Cabral, como prosecretario administrativo del Senado.<\/p>\n","protected":false},"excerpt":{"rendered":"<div class=\"mh-excerpt\"><p>El gobernador Gildo Insfran asisti\u00f3 este mi\u00e9rcoles en el Congreso de la Naci\u00f3n a la ceremonia de juramento de los nuevos senadores nacionales que fueron <a class=\"mh-excerpt-more\" href=\"https:\/\/primiciasclorinda.com\/?p=16659\" title=\"Insfr\u00e1n asisti\u00f3 en el Congreso al Juramento de los nuevos senadores\">[&#8230;]<\/a><\/p>\n<\/div>","protected":false},"author":3,"featured_media":16660,"comment_status":"open","ping_status":"open","sticky":false,"template":"","format":"standard","meta":{"footnotes":""},"categories":[3],"tags":[365,18,2773],"class_list":["post-16659","post","type-post","status-publish","format-standard","has-post-thumbnail","hentry","category-politica-economia","tag-congreso","tag-gildo-insfran","tag-senadores"],"_links":{"self":[{"href":"https:\/\/primiciasclorinda.com\/index.php?rest_route=\/wp\/v2\/posts\/16659","targetHints":{"allow":["GET"]}}],"collection":[{"href":"https:\/\/primiciasclorinda.com\/index.php?rest_route=\/wp\/v2\/posts"}],"about":[{"href":"https:\/\/primiciasclorinda.com\/index.php?rest_route=\/wp\/v2\/types\/post"}],"author":[{"embeddable":true,"href":"https:\/\/primiciasclorinda.com\/index.php?rest_route=\/wp\/v2\/users\/3"}],"replies":[{"embeddable":true,"href":"https:\/\/primiciasclorinda.com\/index.php?rest_route=%2Fwp%2Fv2%2Fcomments&post=16659"}],"version-history":[{"count":1,"href":"https:\/\/primiciasclorinda.com\/index.php?rest_route=\/wp\/v2\/posts\/16659\/revisions"}],"predecessor-version":[{"id":16661,"href":"https:\/\/primiciasclorinda.com\/index.php?rest_route=\/wp\/v2\/posts\/16659\/revisions\/16661"}],"wp:featuredmedia":[{"embeddable":true,"href":"https:\/\/primiciasclorinda.com\/index.php?rest_route=\/wp\/v2\/media\/16660"}],"wp:attachment":[{"href":"https:\/\/primiciasclorinda.com\/index.php?rest_route=%2Fwp%2Fv2%2Fmedia&parent=16659"}],"wp:term":[{"taxonomy":"category","embeddable":true,"href":"https:\/\/primiciasclorinda.com\/index.php?rest_route=%2Fwp%2Fv2%2Fcategories&post=16659"},{"taxonomy":"post_tag","embeddable":true,"href":"https:\/\/primiciasclorinda.com\/index.php?rest_route=%2Fwp%2Fv2%2Ftags&post=16659"}],"curies":[{"name":"wp","href":"https:\/\/api.w.org\/{rel}","templated":true}]}}