{"id":166556,"date":"2026-07-04T09:54:08","date_gmt":"2026-07-04T12:54:08","guid":{"rendered":"https:\/\/primiciasclorinda.com\/?p=166556"},"modified":"2026-07-04T09:54:09","modified_gmt":"2026-07-04T12:54:09","slug":"tras-solo-dos-meses-al-frente-del-pami-formosa-el-clorindense-ricardo-de-nestosa-renuncio-al-cargo","status":"publish","type":"post","link":"https:\/\/primiciasclorinda.com\/?p=166556","title":{"rendered":"Tras s\u00f3lo dos meses al frente del PAMI Formosa, el clorindense Ricardo De Nestosa renunci\u00f3 al cargo"},"content":{"rendered":"\n<p>El clorindense Ricardo De Nestosa, d\u00edas atr\u00e1s, renunci\u00f3 como titular del PAMI en Formosa, luego de s\u00f3lo dos meses en la funci\u00f3n, dado que hab\u00eda asumido a fines de abril. El ahora exfuncionario confirm\u00f3 a La Ma\u00f1ana su dimisi\u00f3n, pero dijo que no agregar\u00eda declaraciones a la carta que se difundi\u00f3 en redes sociales.<\/p>\n\n\n\n<p>En el documento, presentado el 30 de junio al personal del organismo nacional, comunic\u00f3 su renuncia \u201cpor razones personales\u201d. Agreg\u00f3 que \u201cen este corto tiempo, pude observar el esfuerzo y dedicaci\u00f3n con que realizan su trabajo d\u00eda a d\u00eda, lo cual valoro y agradezco\u201d.<\/p>\n\n\n<div class=\"wp-block-image\">\n<figure class=\"aligncenter size-large\"><img loading=\"lazy\" decoding=\"async\" width=\"600\" height=\"101\" src=\"http:\/\/primiciasclorinda.com\/wp-content\/uploads\/2026\/07\/hipergas-950x160-0207-600x101.jpg\" alt=\"\" class=\"wp-image-166549\" srcset=\"https:\/\/primiciasclorinda.com\/wp-content\/uploads\/2026\/07\/hipergas-950x160-0207-600x101.jpg 600w, https:\/\/primiciasclorinda.com\/wp-content\/uploads\/2026\/07\/hipergas-950x160-0207-300x51.jpg 300w, https:\/\/primiciasclorinda.com\/wp-content\/uploads\/2026\/07\/hipergas-950x160-0207-768x129.jpg 768w, https:\/\/primiciasclorinda.com\/wp-content\/uploads\/2026\/07\/hipergas-950x160-0207.jpg 950w\" sizes=\"auto, (max-width: 600px) 100vw, 600px\" \/><\/figure><\/div>\n\n\n<p>A continuaci\u00f3n, inst\u00f3 al plantel de la obra social a \u201ccontinuar trabajando de esa manera para poder satisfacer las necesidades de nuestros jubilados y brindarles a ellos lo mejor\u201d.<\/p>\n\n\n\n<p>\u201cGracias por el buen trato, acompa\u00f1amiento y predisposici\u00f3n que han tenido conmigo\u201d, se despidi\u00f3 De Nestosa.<\/p>\n\n\n<div class=\"wp-block-image\">\n<figure class=\"aligncenter size-large\"><img loading=\"lazy\" decoding=\"async\" width=\"600\" height=\"101\" src=\"http:\/\/primiciasclorinda.com\/wp-content\/uploads\/2026\/07\/bancoformosa-950x160-3006-1-600x101.jpg\" alt=\"\" class=\"wp-image-166550\" srcset=\"https:\/\/primiciasclorinda.com\/wp-content\/uploads\/2026\/07\/bancoformosa-950x160-3006-1-600x101.jpg 600w, https:\/\/primiciasclorinda.com\/wp-content\/uploads\/2026\/07\/bancoformosa-950x160-3006-1-300x51.jpg 300w, https:\/\/primiciasclorinda.com\/wp-content\/uploads\/2026\/07\/bancoformosa-950x160-3006-1-768x129.jpg 768w, https:\/\/primiciasclorinda.com\/wp-content\/uploads\/2026\/07\/bancoformosa-950x160-3006-1.jpg 950w\" sizes=\"auto, (max-width: 600px) 100vw, 600px\" \/><\/figure><\/div>\n\n\n<p>Tras la renuncia, ser\u00eda inminente el nombramiento de quien lo reemplazar\u00e1 en la Direcci\u00f3n de PAMI Formosa, a\u00fan no confirmado oficialmente m\u00e1s all\u00e1 de versiones que circularon en las \u00faltimas horas.<\/p>\n\n\n<figure class=\"wp-block-post-featured-image\"><img loading=\"lazy\" decoding=\"async\" width=\"950\" height=\"600\" src=\"https:\/\/primiciasclorinda.com\/wp-content\/uploads\/2026\/07\/07042026-notprimiciasclor-0101-asd.jpg\" class=\"attachment-post-thumbnail size-post-thumbnail wp-post-image\" alt=\"\" style=\"object-fit:cover;\" srcset=\"https:\/\/primiciasclorinda.com\/wp-content\/uploads\/2026\/07\/07042026-notprimiciasclor-0101-asd.jpg 950w, https:\/\/primiciasclorinda.com\/wp-content\/uploads\/2026\/07\/07042026-notprimiciasclor-0101-asd-300x189.jpg 300w, https:\/\/primiciasclorinda.com\/wp-content\/uploads\/2026\/07\/07042026-notprimiciasclor-0101-asd-475x300.jpg 475w, https:\/\/primiciasclorinda.com\/wp-content\/uploads\/2026\/07\/07042026-notprimiciasclor-0101-asd-768x485.jpg 768w\" sizes=\"auto, (max-width: 950px) 100vw, 950px\" \/><\/figure>","protected":false},"excerpt":{"rendered":"<div class=\"mh-excerpt\"><p>El clorindense Ricardo De Nestosa, d\u00edas atr\u00e1s, renunci\u00f3 como titular del PAMI en Formosa, luego de s\u00f3lo dos meses en la funci\u00f3n, dado que hab\u00eda <a class=\"mh-excerpt-more\" href=\"https:\/\/primiciasclorinda.com\/?p=166556\" title=\"Tras s\u00f3lo dos meses al frente del PAMI Formosa, el clorindense Ricardo De Nestosa renunci\u00f3 al cargo\">[&#8230;]<\/a><\/p>\n<\/div>","protected":false},"author":3,"featured_media":166546,"comment_status":"open","ping_status":"open","sticky":false,"template":"","format":"standard","meta":{"footnotes":""},"categories":[5431,6],"tags":[7886,2744,7123],"class_list":["post-166556","post","type-post","status-publish","format-standard","has-post-thumbnail","hentry","category-clorinda","category-cultura","tag-pami-formosa","tag-renuncia","tag-ricardo-de-nestosa"],"_links":{"self":[{"href":"https:\/\/primiciasclorinda.com\/index.php?rest_route=\/wp\/v2\/posts\/166556","targetHints":{"allow":["GET"]}}],"collection":[{"href":"https:\/\/primiciasclorinda.com\/index.php?rest_route=\/wp\/v2\/posts"}],"about":[{"href":"https:\/\/primiciasclorinda.com\/index.php?rest_route=\/wp\/v2\/types\/post"}],"author":[{"embeddable":true,"href":"https:\/\/primiciasclorinda.com\/index.php?rest_route=\/wp\/v2\/users\/3"}],"replies":[{"embeddable":true,"href":"https:\/\/primiciasclorinda.com\/index.php?rest_route=%2Fwp%2Fv2%2Fcomments&post=166556"}],"version-history":[{"count":1,"href":"https:\/\/primiciasclorinda.com\/index.php?rest_route=\/wp\/v2\/posts\/166556\/revisions"}],"predecessor-version":[{"id":166557,"href":"https:\/\/primiciasclorinda.com\/index.php?rest_route=\/wp\/v2\/posts\/166556\/revisions\/166557"}],"wp:featuredmedia":[{"embeddable":true,"href":"https:\/\/primiciasclorinda.com\/index.php?rest_route=\/wp\/v2\/media\/166546"}],"wp:attachment":[{"href":"https:\/\/primiciasclorinda.com\/index.php?rest_route=%2Fwp%2Fv2%2Fmedia&parent=166556"}],"wp:term":[{"taxonomy":"category","embeddable":true,"href":"https:\/\/primiciasclorinda.com\/index.php?rest_route=%2Fwp%2Fv2%2Fcategories&post=166556"},{"taxonomy":"post_tag","embeddable":true,"href":"https:\/\/primiciasclorinda.com\/index.php?rest_route=%2Fwp%2Fv2%2Ftags&post=166556"}],"curies":[{"name":"wp","href":"https:\/\/api.w.org\/{rel}","templated":true}]}}