{"id":16649,"date":"2019-11-27T17:54:40","date_gmt":"2019-11-27T20:54:40","guid":{"rendered":"http:\/\/primiciasclorinda.com\/?p=16649"},"modified":"2019-11-27T17:55:10","modified_gmt":"2019-11-27T20:55:10","slug":"dos-periodistas-fueron-agredidos-por-la-parcialidad-de-17-de-agosto","status":"publish","type":"post","link":"https:\/\/primiciasclorinda.com\/?p=16649","title":{"rendered":"Dos periodistas fueron agredidos por la parcialidad de 17 de Agosto"},"content":{"rendered":"<p style=\"text-align: justify;\">El pasado domingo en el estadio de 17 de Agosto los periodistas deportivos, Sergio Cabrera y Gregorio Pereyra fueron agredidos fisicamente e insultados por parte de la parcialidad del club local. Los colegas manifestaron su malestar por la falta de seguridad en los estadios para los trabajadores de prensa y por la poca solidaridad del Club local y de la Liga Clorindense de F\u00fatbol.<\/p>\n<p style=\"text-align: justify;\">\u00abNosotros estabamos haciendo nuestro trabajo y nada m\u00e1s, de repente sent\u00ed un golpe sobre mi silla y cuando me doy vuelta observ\u00f3 que Gregor estaba recibiendo una patada de atr\u00e1s\u00bb, explic\u00f3 Cabrera.<\/p>\n<p style=\"text-align: justify;\">\u00abEl equipo local estaba ganando pero parece que no le gust\u00f3 a esos inadaptados nuestro analisis cuando el encuentro estaba parejo, hicieron el segundo gol y nos agredieron\u00bb, manifest\u00f3 Pereyra.<\/p>\n<p style=\"text-align: justify;\">En cuanto a si hubo alg\u00fan tipo de contenci\u00f3n por el Club 17 de Agosto, ambos dijeron que no, \u00abes m\u00e1s se nos burlaban, igual que la polic\u00eda a la cual llamamos y se quedaron mirando\u00bb, expres\u00f3 Cabrera.<\/p>\n<p style=\"text-align: justify;\">\u00abLos violentos son pocos pero est\u00e1n identificados, el Club, la Liga deber\u00eda hacer algo al respecto\u00bb, reclam\u00f3 Pereyra.<\/p>\n","protected":false},"excerpt":{"rendered":"<div class=\"mh-excerpt\"><p>El pasado domingo en el estadio de 17 de Agosto los periodistas deportivos, Sergio Cabrera y Gregorio Pereyra fueron agredidos fisicamente e insultados por parte <a class=\"mh-excerpt-more\" href=\"https:\/\/primiciasclorinda.com\/?p=16649\" title=\"Dos periodistas fueron agredidos por la parcialidad de 17 de Agosto\">[&#8230;]<\/a><\/p>\n<\/div>","protected":false},"author":3,"featured_media":16650,"comment_status":"open","ping_status":"open","sticky":false,"template":"","format":"standard","meta":{"footnotes":""},"categories":[5,4,10],"tags":[26,2771,2770],"class_list":["post-16649","post","type-post","status-publish","format-standard","has-post-thumbnail","hentry","category-deportes","category-informacion-general","category-policiales","tag-clorinda","tag-futbol-clorindense","tag-periodistas-agredidos"],"_links":{"self":[{"href":"https:\/\/primiciasclorinda.com\/index.php?rest_route=\/wp\/v2\/posts\/16649","targetHints":{"allow":["GET"]}}],"collection":[{"href":"https:\/\/primiciasclorinda.com\/index.php?rest_route=\/wp\/v2\/posts"}],"about":[{"href":"https:\/\/primiciasclorinda.com\/index.php?rest_route=\/wp\/v2\/types\/post"}],"author":[{"embeddable":true,"href":"https:\/\/primiciasclorinda.com\/index.php?rest_route=\/wp\/v2\/users\/3"}],"replies":[{"embeddable":true,"href":"https:\/\/primiciasclorinda.com\/index.php?rest_route=%2Fwp%2Fv2%2Fcomments&post=16649"}],"version-history":[{"count":1,"href":"https:\/\/primiciasclorinda.com\/index.php?rest_route=\/wp\/v2\/posts\/16649\/revisions"}],"predecessor-version":[{"id":16651,"href":"https:\/\/primiciasclorinda.com\/index.php?rest_route=\/wp\/v2\/posts\/16649\/revisions\/16651"}],"wp:featuredmedia":[{"embeddable":true,"href":"https:\/\/primiciasclorinda.com\/index.php?rest_route=\/wp\/v2\/media\/16650"}],"wp:attachment":[{"href":"https:\/\/primiciasclorinda.com\/index.php?rest_route=%2Fwp%2Fv2%2Fmedia&parent=16649"}],"wp:term":[{"taxonomy":"category","embeddable":true,"href":"https:\/\/primiciasclorinda.com\/index.php?rest_route=%2Fwp%2Fv2%2Fcategories&post=16649"},{"taxonomy":"post_tag","embeddable":true,"href":"https:\/\/primiciasclorinda.com\/index.php?rest_route=%2Fwp%2Fv2%2Ftags&post=16649"}],"curies":[{"name":"wp","href":"https:\/\/api.w.org\/{rel}","templated":true}]}}