{"id":16643,"date":"2019-11-27T17:45:10","date_gmt":"2019-11-27T20:45:10","guid":{"rendered":"http:\/\/primiciasclorinda.com\/?p=16643"},"modified":"2019-11-27T17:45:10","modified_gmt":"2019-11-27T20:45:10","slug":"salud-afirma-que-no-faltaron-ni-faltaran-dosis-de-vacunas-contra-el-sarampion","status":"publish","type":"post","link":"https:\/\/primiciasclorinda.com\/?p=16643","title":{"rendered":"Salud afirma que \u00abno faltaron ni faltar\u00e1n\u00bb dosis de vacunas contra el sarampi\u00f3n"},"content":{"rendered":"<p style=\"text-align: justify;\">El brote de sarampi\u00f3n que se detect\u00f3 a comienzos de septiembre en el pa\u00eds lleva acumulados 61 casos confirmados, el mayor desde la eliminaci\u00f3n de la circulaci\u00f3n end\u00e9mica alcanzada en 2000 y certificada en 2016 por la Organizaci\u00f3n Panamericana de la Salud (OPS).<\/p>\n<p style=\"text-align: justify;\">La subsecretaria de Prevenci\u00f3n y Control de Enfermedades Comunicables e Inmunoprevenibles del Ministerio de Salud y Desarrollo Social, Miriam Burgos, afirm\u00f3 hoy que \u00abno faltan ni faltar\u00e1n\u00bb vacunas contra el sarampi\u00f3n, y se\u00f1al\u00f3 que el brote que se registra desde septiembre \u00abest\u00e1 circunscripto a Buenos Aires\u00bb.<\/p>\n<p style=\"text-align: justify;\">\u00abPedimos a la gente que se quede tranquila y se vacune, porque nunca faltaron dosis. Compramos hace d\u00edas m\u00e1s de un mill\u00f3n que est\u00e1n llegando ahora para reforzar, pero no hay ni hubo faltante\u00bb, asegur\u00f3 en di\u00e1logo con T\u00e9lam.<\/p>\n<p style=\"text-align: justify;\">La infect\u00f3loga record\u00f3, adem\u00e1s, que \u00abson las provincias las que informan la cantidad de dosis que necesitan\u00bb, y que el brote que comenz\u00f3 en septiembre y ya registra 61 casos est\u00e1 \u00abcircunscripto a las regiones de Buenos Aires donde se est\u00e1 trabajando, pero no hay en otras provincias\u00bb.<\/p>\n<p style=\"text-align: justify;\">\u00abHoy se registran a nivel global 440.263 casos de sarampi\u00f3n, contemplando los 187 pa\u00edses miembro de la Organizaci\u00f3n Mundial de la Salud (OMS). No se puede sacar de ese contexto a la Argentina, porque si bien toda Am\u00e9rica se declar\u00f3 libre de la enfermedad en 2016, hubo casos luego en Venezuela y Brasil, que ya tiene 11.871 confirmados y 18.734 en estudio en 19 estados del pa\u00eds\u00bb, explic\u00f3 Burgos a T\u00e9lam.<\/p>\n","protected":false},"excerpt":{"rendered":"<div class=\"mh-excerpt\"><p>El brote de sarampi\u00f3n que se detect\u00f3 a comienzos de septiembre en el pa\u00eds lleva acumulados 61 casos confirmados, el mayor desde la eliminaci\u00f3n de <a class=\"mh-excerpt-more\" href=\"https:\/\/primiciasclorinda.com\/?p=16643\" title=\"Salud afirma que \u00abno faltaron ni faltar\u00e1n\u00bb dosis de vacunas contra el sarampi\u00f3n\">[&#8230;]<\/a><\/p>\n<\/div>","protected":false},"author":3,"featured_media":16644,"comment_status":"open","ping_status":"open","sticky":false,"template":"","format":"standard","meta":{"footnotes":""},"categories":[4,3],"tags":[35,1887],"class_list":["post-16643","post","type-post","status-publish","format-standard","has-post-thumbnail","hentry","category-informacion-general","category-politica-economia","tag-salud-publica","tag-sarampion"],"_links":{"self":[{"href":"https:\/\/primiciasclorinda.com\/index.php?rest_route=\/wp\/v2\/posts\/16643","targetHints":{"allow":["GET"]}}],"collection":[{"href":"https:\/\/primiciasclorinda.com\/index.php?rest_route=\/wp\/v2\/posts"}],"about":[{"href":"https:\/\/primiciasclorinda.com\/index.php?rest_route=\/wp\/v2\/types\/post"}],"author":[{"embeddable":true,"href":"https:\/\/primiciasclorinda.com\/index.php?rest_route=\/wp\/v2\/users\/3"}],"replies":[{"embeddable":true,"href":"https:\/\/primiciasclorinda.com\/index.php?rest_route=%2Fwp%2Fv2%2Fcomments&post=16643"}],"version-history":[{"count":1,"href":"https:\/\/primiciasclorinda.com\/index.php?rest_route=\/wp\/v2\/posts\/16643\/revisions"}],"predecessor-version":[{"id":16645,"href":"https:\/\/primiciasclorinda.com\/index.php?rest_route=\/wp\/v2\/posts\/16643\/revisions\/16645"}],"wp:featuredmedia":[{"embeddable":true,"href":"https:\/\/primiciasclorinda.com\/index.php?rest_route=\/wp\/v2\/media\/16644"}],"wp:attachment":[{"href":"https:\/\/primiciasclorinda.com\/index.php?rest_route=%2Fwp%2Fv2%2Fmedia&parent=16643"}],"wp:term":[{"taxonomy":"category","embeddable":true,"href":"https:\/\/primiciasclorinda.com\/index.php?rest_route=%2Fwp%2Fv2%2Fcategories&post=16643"},{"taxonomy":"post_tag","embeddable":true,"href":"https:\/\/primiciasclorinda.com\/index.php?rest_route=%2Fwp%2Fv2%2Ftags&post=16643"}],"curies":[{"name":"wp","href":"https:\/\/api.w.org\/{rel}","templated":true}]}}