{"id":16611,"date":"2019-11-24T11:18:14","date_gmt":"2019-11-24T14:18:14","guid":{"rendered":"http:\/\/primiciasclorinda.com\/?p=16611"},"modified":"2019-11-24T11:18:14","modified_gmt":"2019-11-24T14:18:14","slug":"boca-recibe-a-union-en-una-semana-caliente-en-la-politica-del-club","status":"publish","type":"post","link":"https:\/\/primiciasclorinda.com\/?p=16611","title":{"rendered":"Boca recibe a Uni\u00f3n en una semana \u00abcaliente\u00bb en la pol\u00edtica del club"},"content":{"rendered":"<p style=\"text-align: justify;\">El encuentro se jugar\u00e1 este domingo a partir de las 17.10 en \u00abLa Bombonera\u00bb, ser\u00e1 arbitrado por Facundo Tello y televisado por la se\u00f1al de cable TNT Sports.<\/p>\n<p style=\"text-align: justify;\">Boca Juniors, de muy buena campa\u00f1a en la Superliga, intentar\u00e1 mantenerse en los puestos de vanguardia cuando reciba ma\u00f1ana a Uni\u00f3n de Santa Fe en la continuidad de la fecha 14, luego de una semana en la que la pol\u00edtica tuvo un rol preponderante en el club, debido a que se presentaron las tres listas que competir\u00e1n en las elecciones del mes pr\u00f3ximo y en una de ellas, opositora, estar\u00e1 Juan Rom\u00e1n Riquelme, el \u00eddolo m\u00e1s grande de la historia \u00abXeneize\u00bb.<\/p>\n<p style=\"text-align: justify;\">El encuentro se jugar\u00e1 este domingo a partir de las 17.10 en \u00abLa Bombonera\u00bb, ser\u00e1 arbitrado por Facundo Tello y televisado por la se\u00f1al de cable TNT Sports.<\/p>\n<p style=\"text-align: justify;\">Boca est\u00e1 ubicado en la cima de la Superliga con 25 puntos y una campa\u00f1a que se luce m\u00e1s en los n\u00fameros que en el juego, el gran d\u00e9ficit del ciclo del entrenador Gustavo Alfaro, quien seguramente no seguir\u00e1 en el cargo en 2020, ya que no logr\u00f3 el objetivo de ganar la Copa Libertadores y tampoco encontr\u00f3 jam\u00e1s un funcionamiento acorde a la envergadura del plantel que dispone, con futbolistas de nivel de selecci\u00f3n.<\/p>\n<p style=\"text-align: justify;\">Uni\u00f3n, con 16 puntos, alterna buenas actuaciones con otras decepcionantes, y saldr\u00e1 a jugar en La Boca con un esquema que le permita al menos rescatar un punto.<\/p>\n<p style=\"text-align: justify;\">En Boca, la semana estuvo signada por la decisi\u00f3n de Riquelme de acompa\u00f1ar a Jorge Amor Ameal en una de las dos listas opositoras al oficialismo para la renovaci\u00f3n de autoridades que el club llevar\u00e1 a cabo el 8 de diciembre.<\/p>\n<p style=\"text-align: justify;\">Daniel Angelici, el actual presidente, dejar\u00e1 su cargo y el oficialismo estar\u00e1 encabezado por Cristian Gribaudo, mientras que la oposici\u00f3n propone a Ameal en dupla con el empresario televisivo Mario Pergolini, y otra lista estar\u00e1 encabezada por Jos\u00e9 Beraldi.<\/p>\n<p style=\"text-align: justify;\">El tema pol\u00edtico fue el foco en Boca durante toda la semana. En el plano futbol\u00edstico, luego de haber igualado con V\u00e9lez (0-0) en Liniers hace 15 d\u00edas, antes del receso por la fecha FIFA, habr\u00e1 cambios nuevamente en la formaci\u00f3n, como sucedi\u00f3 durante todo el ciclo de Alfaro.<\/p>\n<p style=\"text-align: justify;\">Una variante segura ser\u00e1 el ingreso del lateral izquierdo Emmanuel M\u00e1s en lugar del colombiano Frank Fabra, expulsado en Liniers, la otra el regreso de Carlos Tevez en lugar de Emanuel Reynoso o Alexis Mac Allister, y la restante el ingreso desde el inicio de Eduardo \u00abToto\u00bb Salvio por Agust\u00edn Almendra.<\/p>\n<p style=\"text-align: justify;\">En ofensiva, Alfaro no se decidi\u00f3 a\u00fan entre mantener como titular a Mauro Z\u00e1rate o bien incluir a Ram\u00f3n \u00abWanchope\u00bb Abila o el venezolano Jan Hurtado, dos jugadores de caracter\u00edsticas totalmente distintas.<\/p>\n<p style=\"text-align: justify;\">En Uni\u00f3n, el entrenador Leonardo Madel\u00f3n deber\u00e1 rearmar la defensa, ya que en su \u00faltima presentaci\u00f3n, en la derrota como local ante Atl\u00e9tico Tucum\u00e1n (1-0), fue expulsado Jonathan Botinelli y lleg\u00f3 a las cinco amonestaciones el colombiano Yeimar G\u00f3mez Andrade.<\/p>\n<p style=\"text-align: justify;\">Por Botinelli, quien luego, en la semana, se lesion\u00f3 y no volver\u00e1 a jugar hasta el a\u00f1o pr\u00f3ximo, ingresar\u00e1 Brian Blasi, mientras que por el colombiano jugar\u00e1 Claudio Corval\u00e1n, quien ocupar\u00e1 el puesto de marcador central y dejar\u00e1 su lugar en el lateral a Federico Milo.<\/p>\n<p style=\"text-align: justify;\">El otro cambio en el \u00abTatengue\u00bb ser\u00e1 el ingreso del mediocampista ofensivo Juan Ignacio Cavallaro por el delantero Franco Troyansky, de manera que el \u00fanico atacante neto ser\u00e1 Walter Bou, cuyo pase pertenece a Boca y est\u00e1 cedido a pr\u00e9stamo.<\/p>\n<p style=\"text-align: justify;\">El historial entre Boca y Uni\u00f3n es de 60 partidos y favorece a los \u00abXeneizes\u00bb por 33 triunfos contra 13, m\u00e1s 14 empates.<\/p>\n<p style=\"text-align: justify;\">&#8211; Probables Formaciones &#8211;<\/p>\n<p style=\"text-align: justify;\">Boca Juniors: Esteban Andrada; Julio Buffarini, Lisandro L\u00f3pez, Carlos Izquierdoz y Emmanuel Mas; Eduardo Salvio, Ivan Marcone, Nicolas Capaldo y Emanuel Reynoso o Alexis Mac Allister; Carlos Tevez y Mauro Z\u00e1rate o Ram\u00f3n Abila. DT: Gustavo Alfaro.<\/p>\n<p style=\"text-align: justify;\">Uni\u00f3n de Santa Fe: Sebasti\u00e1n Moyano; Dami\u00e1n Mart\u00ednez, Brian Blasi, Claudio Corval\u00e1n y Federico Milo; Ezequiel Bonifacio, Jalil El\u00edaz, Nelson Acevedo y Gabriel Carabajal; Juan Ignacio Cavallaro y Walter Bou. DT: Leonardo Carol Madel\u00f3n.<\/p>\n<p style=\"text-align: justify;\">Arbitro: Facundo Tello.<\/p>\n<p style=\"text-align: justify;\">Cancha: Boca Juniors.<\/p>\n<p style=\"text-align: justify;\">Hora de inicio: 17.10.<\/p>\n<p style=\"text-align: justify;\">TV: TNT Sports.<\/p>\n","protected":false},"excerpt":{"rendered":"<div class=\"mh-excerpt\"><p>El encuentro se jugar\u00e1 este domingo a partir de las 17.10 en \u00abLa Bombonera\u00bb, ser\u00e1 arbitrado por Facundo Tello y televisado por la se\u00f1al de <a class=\"mh-excerpt-more\" href=\"https:\/\/primiciasclorinda.com\/?p=16611\" title=\"Boca recibe a Uni\u00f3n en una semana \u00abcaliente\u00bb en la pol\u00edtica del club\">[&#8230;]<\/a><\/p>\n<\/div>","protected":false},"author":3,"featured_media":16612,"comment_status":"open","ping_status":"open","sticky":false,"template":"","format":"standard","meta":{"footnotes":""},"categories":[5],"tags":[1307,1119],"class_list":["post-16611","post","type-post","status-publish","format-standard","has-post-thumbnail","hentry","category-deportes","tag-boca","tag-superliga"],"_links":{"self":[{"href":"https:\/\/primiciasclorinda.com\/index.php?rest_route=\/wp\/v2\/posts\/16611","targetHints":{"allow":["GET"]}}],"collection":[{"href":"https:\/\/primiciasclorinda.com\/index.php?rest_route=\/wp\/v2\/posts"}],"about":[{"href":"https:\/\/primiciasclorinda.com\/index.php?rest_route=\/wp\/v2\/types\/post"}],"author":[{"embeddable":true,"href":"https:\/\/primiciasclorinda.com\/index.php?rest_route=\/wp\/v2\/users\/3"}],"replies":[{"embeddable":true,"href":"https:\/\/primiciasclorinda.com\/index.php?rest_route=%2Fwp%2Fv2%2Fcomments&post=16611"}],"version-history":[{"count":1,"href":"https:\/\/primiciasclorinda.com\/index.php?rest_route=\/wp\/v2\/posts\/16611\/revisions"}],"predecessor-version":[{"id":16613,"href":"https:\/\/primiciasclorinda.com\/index.php?rest_route=\/wp\/v2\/posts\/16611\/revisions\/16613"}],"wp:featuredmedia":[{"embeddable":true,"href":"https:\/\/primiciasclorinda.com\/index.php?rest_route=\/wp\/v2\/media\/16612"}],"wp:attachment":[{"href":"https:\/\/primiciasclorinda.com\/index.php?rest_route=%2Fwp%2Fv2%2Fmedia&parent=16611"}],"wp:term":[{"taxonomy":"category","embeddable":true,"href":"https:\/\/primiciasclorinda.com\/index.php?rest_route=%2Fwp%2Fv2%2Fcategories&post=16611"},{"taxonomy":"post_tag","embeddable":true,"href":"https:\/\/primiciasclorinda.com\/index.php?rest_route=%2Fwp%2Fv2%2Ftags&post=16611"}],"curies":[{"name":"wp","href":"https:\/\/api.w.org\/{rel}","templated":true}]}}