{"id":16359,"date":"2019-11-06T07:41:40","date_gmt":"2019-11-06T10:41:40","guid":{"rendered":"http:\/\/primiciasclorinda.com\/?p=16359"},"modified":"2019-11-06T07:41:40","modified_gmt":"2019-11-06T10:41:40","slug":"final-unica-de-la-conmebol-libertadores-sera-en-el-estadio-monumental-de-lima","status":"publish","type":"post","link":"https:\/\/primiciasclorinda.com\/?p=16359","title":{"rendered":"Final \u00danica de la CONMEBOL Libertadores ser\u00e1 en el Estadio Monumental de Lima"},"content":{"rendered":"<p style=\"text-align: justify;\">Ayer por la tarde noche se comunic\u00f3 finalmente luego de m\u00e1s de 5 horas de reuni\u00f3n entre las partes cual fue la decisi\u00f3n tomada, finalmente Lima ser\u00e1 la sede y el estadio ser\u00e1 el Monumental.<\/p>\n<p style=\"text-align: justify;\">La Direcci\u00f3n de Competiciones de Clubes de la CONMEBOL, nota mediante a los gerentes deportivos de la AFA y de la CBF, inform\u00f3 que el partido #155 (Final) de la CONMEBOL Libertadores 2019 ser\u00e1 disputado conforme sigue:<\/p>\n<p style=\"text-align: justify;\">Fecha: S\u00e1bado, 23 de noviembre de 2019<\/p>\n<p style=\"text-align: justify;\">Hora Local: 15:00hs (GMT \u2013 5h)<\/p>\n<p style=\"text-align: justify;\">Local: Estadio Monumental \u2013 Lima (PER)<\/p>\n","protected":false},"excerpt":{"rendered":"<div class=\"mh-excerpt\"><p>Ayer por la tarde noche se comunic\u00f3 finalmente luego de m\u00e1s de 5 horas de reuni\u00f3n entre las partes cual fue la decisi\u00f3n tomada, finalmente <a class=\"mh-excerpt-more\" href=\"https:\/\/primiciasclorinda.com\/?p=16359\" title=\"Final \u00danica de la CONMEBOL Libertadores ser\u00e1 en el Estadio Monumental de Lima\">[&#8230;]<\/a><\/p>\n<\/div>","protected":false},"author":3,"featured_media":16360,"comment_status":"open","ping_status":"open","sticky":false,"template":"","format":"standard","meta":{"footnotes":""},"categories":[5],"tags":[1767,272,2145],"class_list":["post-16359","post","type-post","status-publish","format-standard","has-post-thumbnail","hentry","category-deportes","tag-conmebol","tag-copa-libertadores","tag-final"],"_links":{"self":[{"href":"https:\/\/primiciasclorinda.com\/index.php?rest_route=\/wp\/v2\/posts\/16359","targetHints":{"allow":["GET"]}}],"collection":[{"href":"https:\/\/primiciasclorinda.com\/index.php?rest_route=\/wp\/v2\/posts"}],"about":[{"href":"https:\/\/primiciasclorinda.com\/index.php?rest_route=\/wp\/v2\/types\/post"}],"author":[{"embeddable":true,"href":"https:\/\/primiciasclorinda.com\/index.php?rest_route=\/wp\/v2\/users\/3"}],"replies":[{"embeddable":true,"href":"https:\/\/primiciasclorinda.com\/index.php?rest_route=%2Fwp%2Fv2%2Fcomments&post=16359"}],"version-history":[{"count":1,"href":"https:\/\/primiciasclorinda.com\/index.php?rest_route=\/wp\/v2\/posts\/16359\/revisions"}],"predecessor-version":[{"id":16361,"href":"https:\/\/primiciasclorinda.com\/index.php?rest_route=\/wp\/v2\/posts\/16359\/revisions\/16361"}],"wp:featuredmedia":[{"embeddable":true,"href":"https:\/\/primiciasclorinda.com\/index.php?rest_route=\/wp\/v2\/media\/16360"}],"wp:attachment":[{"href":"https:\/\/primiciasclorinda.com\/index.php?rest_route=%2Fwp%2Fv2%2Fmedia&parent=16359"}],"wp:term":[{"taxonomy":"category","embeddable":true,"href":"https:\/\/primiciasclorinda.com\/index.php?rest_route=%2Fwp%2Fv2%2Fcategories&post=16359"},{"taxonomy":"post_tag","embeddable":true,"href":"https:\/\/primiciasclorinda.com\/index.php?rest_route=%2Fwp%2Fv2%2Ftags&post=16359"}],"curies":[{"name":"wp","href":"https:\/\/api.w.org\/{rel}","templated":true}]}}