{"id":16260,"date":"2019-10-28T16:28:56","date_gmt":"2019-10-28T19:28:56","guid":{"rendered":"http:\/\/primiciasclorinda.com\/?p=16260"},"modified":"2019-10-28T16:28:56","modified_gmt":"2019-10-28T19:28:56","slug":"macri-y-alberto-fernandez-se-reunieron-y-pusieron-en-marcha-la-transicion","status":"publish","type":"post","link":"https:\/\/primiciasclorinda.com\/?p=16260","title":{"rendered":"Macri y Alberto Fern\u00e1ndez se reunieron y pusieron en marcha la transici\u00f3n"},"content":{"rendered":"<p style=\"text-align: justify;\">Si bien la reuni\u00f3n estaba inicialmente pautada para las 8.30, fuentes oficiales indicaron que se inici\u00f3 cerca de las 10.30.<\/p>\n<p style=\"text-align: justify;\">El presidente electo Alberto Fern\u00e1ndez se reuni\u00f3 hoy durante una hora con el mandatario saliente Mauricio Macri en la Casa de Gobierno, dando inicio de esta manera al per\u00edodo de transici\u00f3n que comenz\u00f3 tras las elecciones de ayer y se extender\u00e1 hasta el pr\u00f3ximo 10 de diciembre, cuando asuman las nuevas autoridades.<\/p>\n<p style=\"text-align: justify;\">Fern\u00e1ndez se retir\u00f3 11.30 de la Casa de Gobierno, sin realizar declaraciones, exactamente una hora despu\u00e9s de su arribo en auto.<\/p>\n<p style=\"text-align: justify;\">El nuevo mandatario electo lleg\u00f3 acompa\u00f1ado de su vocero, Juan Pablo Biondi y, tras saludar al personal de ceremonial que lo esperaba en la puerta de la explanada de Rivadavia, ingres\u00f3 y salud\u00f3 desde lejos con una mano a los periodistas que estaban en la puerta del Patio de las Palmeras, en su paso hacia el despacho del presidente Macri.<\/p>\n<p style=\"text-align: justify;\">Tanto a la entrada como a la salida de la Casa Rosada, Fern\u00e1ndez se fundi\u00f3 en un abrazo con V\u00edctor Bugge, el hist\u00f3rico fot\u00f3grafo de la Presidencia de la Naci\u00f3n.<\/p>\n<p style=\"text-align: justify;\">Luego del encuentro, se difundi\u00f3 una foto de Macri y Fern\u00e1ndez, ambos sonrientes en el despacho presidencial, d\u00e1ndose un apret\u00f3n de manos.<\/p>\n<p style=\"text-align: justify;\">Anoche, al reconocer la derrota, Macri anunci\u00f3 que se comunic\u00f3 telef\u00f3nicamente con Fern\u00e1ndez y, tras felicitarlo, lo invit\u00f3 a dialogar sobre la transici\u00f3n en un desayuno en Casa de Gobierno.<\/p>\n<p style=\"text-align: justify;\">Si bien la reuni\u00f3n estaba inicialmente pautada para las 8.30, se pas\u00f3 para media ma\u00f1ana debido a que ambos se retiraron muy tarde de sus respectivos b\u00fankeres.<\/p>\n<p style=\"text-align: justify;\">En los comicios generales de ayer, Alberto Fernandez obtuvo el 48,10% de los votos y se consagr\u00f3 presidente electo en primera vuelta, frente al 40,37% obtenido por Macri, con el 97,13% de las mesas computadas<\/p>\n","protected":false},"excerpt":{"rendered":"<div class=\"mh-excerpt\"><p>Si bien la reuni\u00f3n estaba inicialmente pautada para las 8.30, fuentes oficiales indicaron que se inici\u00f3 cerca de las 10.30. El presidente electo Alberto Fern\u00e1ndez <a class=\"mh-excerpt-more\" href=\"https:\/\/primiciasclorinda.com\/?p=16260\" title=\"Macri y Alberto Fern\u00e1ndez se reunieron y pusieron en marcha la transici\u00f3n\">[&#8230;]<\/a><\/p>\n<\/div>","protected":false},"author":3,"featured_media":16261,"comment_status":"open","ping_status":"open","sticky":false,"template":"","format":"standard","meta":{"footnotes":""},"categories":[3],"tags":[2467,1585,2719],"class_list":["post-16260","post","type-post","status-publish","format-standard","has-post-thumbnail","hentry","category-politica-economia","tag-alberto-fernandez","tag-macri","tag-transicion"],"_links":{"self":[{"href":"https:\/\/primiciasclorinda.com\/index.php?rest_route=\/wp\/v2\/posts\/16260","targetHints":{"allow":["GET"]}}],"collection":[{"href":"https:\/\/primiciasclorinda.com\/index.php?rest_route=\/wp\/v2\/posts"}],"about":[{"href":"https:\/\/primiciasclorinda.com\/index.php?rest_route=\/wp\/v2\/types\/post"}],"author":[{"embeddable":true,"href":"https:\/\/primiciasclorinda.com\/index.php?rest_route=\/wp\/v2\/users\/3"}],"replies":[{"embeddable":true,"href":"https:\/\/primiciasclorinda.com\/index.php?rest_route=%2Fwp%2Fv2%2Fcomments&post=16260"}],"version-history":[{"count":1,"href":"https:\/\/primiciasclorinda.com\/index.php?rest_route=\/wp\/v2\/posts\/16260\/revisions"}],"predecessor-version":[{"id":16262,"href":"https:\/\/primiciasclorinda.com\/index.php?rest_route=\/wp\/v2\/posts\/16260\/revisions\/16262"}],"wp:featuredmedia":[{"embeddable":true,"href":"https:\/\/primiciasclorinda.com\/index.php?rest_route=\/wp\/v2\/media\/16261"}],"wp:attachment":[{"href":"https:\/\/primiciasclorinda.com\/index.php?rest_route=%2Fwp%2Fv2%2Fmedia&parent=16260"}],"wp:term":[{"taxonomy":"category","embeddable":true,"href":"https:\/\/primiciasclorinda.com\/index.php?rest_route=%2Fwp%2Fv2%2Fcategories&post=16260"},{"taxonomy":"post_tag","embeddable":true,"href":"https:\/\/primiciasclorinda.com\/index.php?rest_route=%2Fwp%2Fv2%2Ftags&post=16260"}],"curies":[{"name":"wp","href":"https:\/\/api.w.org\/{rel}","templated":true}]}}