{"id":15983,"date":"2019-10-11T13:52:36","date_gmt":"2019-10-11T16:52:36","guid":{"rendered":"http:\/\/primiciasclorinda.com\/?p=15983"},"modified":"2019-10-11T13:52:36","modified_gmt":"2019-10-11T16:52:36","slug":"el-colegio-militar-nos-enorgullece-dijo-macri-en-el-acto-por-150-aniversario-de-la-institucion","status":"publish","type":"post","link":"https:\/\/primiciasclorinda.com\/?p=15983","title":{"rendered":"\u00abEl Colegio Militar nos enorgullece\u00bb, dijo Macri en el acto por 150 aniversario de la instituci\u00f3n"},"content":{"rendered":"<p style=\"text-align: justify;\">El Presidente record\u00f3 a su creador, Domingo Faustino Sarmiento, al encabezar la ceremonia de homenaje en El Palomar, localidad en el oeste del conurbano bonaerense.<\/p>\n<p style=\"text-align: justify;\">El presidente Mauricio Macri dijo hoy que el Colegio Militar \u00abes una instituci\u00f3n que nos enorgullece\u00bb y resalt\u00f3 la \u00abvaliosa iniciativa\u00bb de su creador, el ex presidente Domingo Faustino Sarmiento, al tiempo que observ\u00f3 que el Ej\u00e9rcito \u00abes una familia con cada d\u00eda m\u00e1s mujeres protagonistas que enriquecen\u00bb a esa fuerza.<\/p>\n<p style=\"text-align: justify;\">Macri, en un breve discurso por el 150 aniversario del Colegio Militar, la instituci\u00f3n donde se forma a los integrantes del Ej\u00e9rcito, resalt\u00f3 la idea de Sarmiento, en 1869, de \u00abformar a los soldaos d\u00e1ndoles las herramientas y la experiencia necesaria lejos del campo de batalla\u00bb.<\/p>\n<p style=\"text-align: justify;\">En esa l\u00ednea, el jefe del Estado destac\u00f3 tambi\u00e9n a los \u00abmiles de hombres y mujeres de cada rinc\u00f3n de nuestro pa\u00eds que a lo largo de estos a\u00f1os han demostrado una vocaci\u00f3n de servicio ejemplar\u00bb.<\/p>\n<p style=\"text-align: justify;\">\u00abSon patriotas argentinos que comparten un firme compromiso con la defensa de nuestros valores\u00bb, enfatiz\u00f3 el Presidente, quien estaba acompa\u00f1ado por el ministro de Defensa, Oscar Aguad; el senador peronista y su candidato a vicepresidente, Miguel Angel Pichetto; la ministra de Seguridad, Patricia Bullrich; y los jefes del Estado Mayor Conjunto y del Ej\u00e9rcito, generales Bari del Valle Sosa y Claudio Pasqualini, respectivamente, as\u00ed tambi\u00e9n el director del Colegio Militar, Roberto Aguero.<\/p>\n","protected":false},"excerpt":{"rendered":"<div class=\"mh-excerpt\"><p>El Presidente record\u00f3 a su creador, Domingo Faustino Sarmiento, al encabezar la ceremonia de homenaje en El Palomar, localidad en el oeste del conurbano bonaerense. <a class=\"mh-excerpt-more\" href=\"https:\/\/primiciasclorinda.com\/?p=15983\" title=\"\u00abEl Colegio Militar nos enorgullece\u00bb, dijo Macri en el acto por 150 aniversario de la instituci\u00f3n\">[&#8230;]<\/a><\/p>\n<\/div>","protected":false},"author":3,"featured_media":15984,"comment_status":"open","ping_status":"open","sticky":false,"template":"","format":"standard","meta":{"footnotes":""},"categories":[3],"tags":[13],"class_list":["post-15983","post","type-post","status-publish","format-standard","has-post-thumbnail","hentry","category-politica-economia","tag-mauricio-macri"],"_links":{"self":[{"href":"https:\/\/primiciasclorinda.com\/index.php?rest_route=\/wp\/v2\/posts\/15983","targetHints":{"allow":["GET"]}}],"collection":[{"href":"https:\/\/primiciasclorinda.com\/index.php?rest_route=\/wp\/v2\/posts"}],"about":[{"href":"https:\/\/primiciasclorinda.com\/index.php?rest_route=\/wp\/v2\/types\/post"}],"author":[{"embeddable":true,"href":"https:\/\/primiciasclorinda.com\/index.php?rest_route=\/wp\/v2\/users\/3"}],"replies":[{"embeddable":true,"href":"https:\/\/primiciasclorinda.com\/index.php?rest_route=%2Fwp%2Fv2%2Fcomments&post=15983"}],"version-history":[{"count":1,"href":"https:\/\/primiciasclorinda.com\/index.php?rest_route=\/wp\/v2\/posts\/15983\/revisions"}],"predecessor-version":[{"id":15985,"href":"https:\/\/primiciasclorinda.com\/index.php?rest_route=\/wp\/v2\/posts\/15983\/revisions\/15985"}],"wp:featuredmedia":[{"embeddable":true,"href":"https:\/\/primiciasclorinda.com\/index.php?rest_route=\/wp\/v2\/media\/15984"}],"wp:attachment":[{"href":"https:\/\/primiciasclorinda.com\/index.php?rest_route=%2Fwp%2Fv2%2Fmedia&parent=15983"}],"wp:term":[{"taxonomy":"category","embeddable":true,"href":"https:\/\/primiciasclorinda.com\/index.php?rest_route=%2Fwp%2Fv2%2Fcategories&post=15983"},{"taxonomy":"post_tag","embeddable":true,"href":"https:\/\/primiciasclorinda.com\/index.php?rest_route=%2Fwp%2Fv2%2Ftags&post=15983"}],"curies":[{"name":"wp","href":"https:\/\/api.w.org\/{rel}","templated":true}]}}