{"id":15930,"date":"2019-10-07T07:29:11","date_gmt":"2019-10-07T10:29:11","guid":{"rendered":"http:\/\/primiciasclorinda.com\/?p=15930"},"modified":"2019-10-07T07:29:11","modified_gmt":"2019-10-07T10:29:11","slug":"buryaile-considero-que-el-decreto-de-macri-era-el-unico-camino","status":"publish","type":"post","link":"https:\/\/primiciasclorinda.com\/?p=15930","title":{"rendered":"Buryaile consider\u00f3 que el decreto de Macri era el \u00fanico camino"},"content":{"rendered":"<p style=\"text-align: justify;\">Entendi\u00f3 que no hab\u00eda mucha vocaci\u00f3n de parte de algunos diputados nacionales por Formosa.<\/p>\n<p style=\"text-align: justify;\">El candidato a diputado nacional por \u201cJuntos por el Cambio\u201d, Ricardo Buryaile, se mostr\u00f3 contento por la decisi\u00f3n del presidente Mauricio Macri de indemnizar a los familiares de los ca\u00eddos en defensa del Regimiento de Infanter\u00eda de Monte 29 el 5 de Octubre de 1975 y entendi\u00f3 que el decreto era la \u00fanica v\u00eda ante las trabas legislativas a su proyecto y otros presentados en la misma direcci\u00f3n.<\/p>\n<p style=\"text-align: justify;\">\u201cEl proyecto legislativo para indemnizar a los familiares de los ca\u00eddos la inici\u00e9 en 2010, pero estaba convencido de que el camino legislativo era complicado porque no hab\u00eda mucha vocaci\u00f3n, incluso de nuestros diputados nacionales por Formosa, para que esto saliera. El kirchnerismo, en ese entonces, ten\u00eda mayor\u00edas, y era dif\u00edcil que prosperara la iniciativa legislativa\u201d, expres\u00f3 a La Ma\u00f1ana.<\/p>\n<p style=\"text-align: justify;\">Remarc\u00f3 que el tema lo charl\u00f3 en varias oportunidades con Macri sobre la necesidad de conseguir el resultado esperado a trav\u00e9s de un decreto presidencial.<\/p>\n<p style=\"text-align: justify;\">\u201cGracias a Dios, Macri valor\u00f3 la opini\u00f3n y hoy tenemos el decreto, y quiero felicitarlo porque es el primer presidente que tuvo la valent\u00eda de tomar un tema tan sensible para los formose\u00f1os y los argentinos, y hacer justicia. La decisi\u00f3n me genera una satisfacci\u00f3n enorme porque es el reconocimiento de la m\u00e1s alta investidura el pa\u00eds, y m\u00e1s teniendo en cuenta que se trata de un hecho tan trascendente para la historia de la provincia y nuestra gente\u201d, resalt\u00f3.<\/p>\n<p style=\"text-align: justify;\">En medio de la entrevista, afirm\u00f3 que la decisi\u00f3n debe ser recibida con alegr\u00eda y no generar divisiones, porque se trata de un acto de justicia.<\/p>\n<p style=\"text-align: justify;\">\u201cPara m\u00ed, el 5 de octubre de 1975 es una fecha hist\u00f3rica, por lo que representa para los familiares de los ca\u00eddos que siempre fueron ninguneados y hoy tienen lo que se merecen. Creo que todos los formose\u00f1os debemos estar contentos y que esto no nos puede dividir. Nadie debe estar enojado porque el presidente tom\u00f3 esta decisi\u00f3n de reconocer un hecho hist\u00f3rico. Siento que aport\u00e9 un granito de arena y que el residente valor\u00f3 mi opini\u00f3n\u201d, coment\u00f3.<\/p>\n","protected":false},"excerpt":{"rendered":"<div class=\"mh-excerpt\"><p>Entendi\u00f3 que no hab\u00eda mucha vocaci\u00f3n de parte de algunos diputados nacionales por Formosa. El candidato a diputado nacional por \u201cJuntos por el Cambio\u201d, Ricardo <a class=\"mh-excerpt-more\" href=\"https:\/\/primiciasclorinda.com\/?p=15930\" title=\"Buryaile consider\u00f3 que el decreto de Macri era el \u00fanico camino\">[&#8230;]<\/a><\/p>\n<\/div>","protected":false},"author":3,"featured_media":11745,"comment_status":"open","ping_status":"open","sticky":false,"template":"","format":"standard","meta":{"footnotes":""},"categories":[3],"tags":[2092,22],"class_list":["post-15930","post","type-post","status-publish","format-standard","has-post-thumbnail","hentry","category-politica-economia","tag-elecciones-2019","tag-ricardo-buryaile"],"_links":{"self":[{"href":"https:\/\/primiciasclorinda.com\/index.php?rest_route=\/wp\/v2\/posts\/15930","targetHints":{"allow":["GET"]}}],"collection":[{"href":"https:\/\/primiciasclorinda.com\/index.php?rest_route=\/wp\/v2\/posts"}],"about":[{"href":"https:\/\/primiciasclorinda.com\/index.php?rest_route=\/wp\/v2\/types\/post"}],"author":[{"embeddable":true,"href":"https:\/\/primiciasclorinda.com\/index.php?rest_route=\/wp\/v2\/users\/3"}],"replies":[{"embeddable":true,"href":"https:\/\/primiciasclorinda.com\/index.php?rest_route=%2Fwp%2Fv2%2Fcomments&post=15930"}],"version-history":[{"count":1,"href":"https:\/\/primiciasclorinda.com\/index.php?rest_route=\/wp\/v2\/posts\/15930\/revisions"}],"predecessor-version":[{"id":15931,"href":"https:\/\/primiciasclorinda.com\/index.php?rest_route=\/wp\/v2\/posts\/15930\/revisions\/15931"}],"wp:featuredmedia":[{"embeddable":true,"href":"https:\/\/primiciasclorinda.com\/index.php?rest_route=\/wp\/v2\/media\/11745"}],"wp:attachment":[{"href":"https:\/\/primiciasclorinda.com\/index.php?rest_route=%2Fwp%2Fv2%2Fmedia&parent=15930"}],"wp:term":[{"taxonomy":"category","embeddable":true,"href":"https:\/\/primiciasclorinda.com\/index.php?rest_route=%2Fwp%2Fv2%2Fcategories&post=15930"},{"taxonomy":"post_tag","embeddable":true,"href":"https:\/\/primiciasclorinda.com\/index.php?rest_route=%2Fwp%2Fv2%2Ftags&post=15930"}],"curies":[{"name":"wp","href":"https:\/\/api.w.org\/{rel}","templated":true}]}}