{"id":15518,"date":"2019-09-11T16:38:25","date_gmt":"2019-09-11T19:38:25","guid":{"rendered":"http:\/\/primiciasclorinda.com\/?p=15518"},"modified":"2019-09-11T16:38:25","modified_gmt":"2019-09-11T19:38:25","slug":"nilda-patino-es-indignante-ver-como-alcahuetes-y-parientes-ocupan-cargos-que-le-pertenecen-a-docentes-titulados","status":"publish","type":"post","link":"https:\/\/primiciasclorinda.com\/?p=15518","title":{"rendered":"Nilda Pati\u00f1o: \u201cEs indignante ver c\u00f3mo alcahuetes y parientes ocupan cargos que le pertenecen a docentes titulados\u201d"},"content":{"rendered":"<p style=\"text-align: justify;\">La titular de Autoconvocados habl\u00f3 con el m\u00f3vil de La Ma\u00f1ana en Vivo sobre la dif\u00edcil situaci\u00f3n de los docentes titulados que no pueden acceder a un puesto de trabajo dentro del sistema<\/p>\n<p style=\"text-align: justify;\">Desde el busto de Sarmiento por 25 de Mayo y Rivadavia, en donde esta ma\u00f1ana el gremio de Docentes Autoconvocados realiz\u00f3 un acto con manifestaci\u00f3n por el D\u00eda del Maestro, bajo la consigna \u201cSomos titulados, queremos trabajar\u201d, Nilda Pati\u00f1o manifest\u00f3 su preocupaci\u00f3n por los profesionales de la educaci\u00f3n que terminan sus carreras y no pueden ejercer en el sistema educativo de la provincia por la presencia de \u201cparientes, amigos, alcahuetes y sinverg\u00fcenzas que se adue\u00f1an de los espacios sin t\u00edtulos habilitantes\u201d.<\/p>\n<p style=\"text-align: justify;\">Ante el m\u00f3vil de La Ma\u00f1ana en Vivo, Pati\u00f1o manifest\u00f3: \u201cElegimos la modalidad de un acto con manifestaci\u00f3n en este D\u00eda del Maestro porque estamos viendo que hay muchos colegas que terminan sus estudios, se reciben y luego no pueden ejercer la docencia porque sus lugares est\u00e1n ocupados por otras personas sin t\u00edtulos. Desde hace unos a\u00f1os que venimos notando esta tendencia con bajada de l\u00ednea para que los titulados no puedan acceder a puestos que le corresponden\u201d, asever\u00f3 la dirigente.<\/p>\n<p style=\"text-align: justify;\"><strong>Carta al Gobernador<\/strong><\/p>\n<p style=\"text-align: justify;\">En este marco de conmemoraci\u00f3n por el D\u00eda del Maestro y reivindicaci\u00f3n por los derechos laborales de los docentes en la provincia, Pati\u00f1o le escribi\u00f3 una carta al Mandatario provincial para informarle sobre esta situaci\u00f3n que grafic\u00f3 con anterioridad. \u201cLe hablo a \u00e9l porque es el que tiene las facultades para intervenir y reglamentar el art\u00edculo 21 del Estatuto Docente. Son sugerencias que hacemos para cambiar o zanjar esta situaci\u00f3n.<\/p>\n<p style=\"text-align: justify;\">Es indignante y muy preocupante que personas sin t\u00edtulos, alcahuetes, parientes, sinverg\u00fcenzas y dem\u00e1s, sigan ocupando lugares en la educaci\u00f3n que no les corresponde. Ojal\u00e1 Insfr\u00e1n nos convoque para poder informarle con expedientes y documentaciones los innumerables casos que hay en el sistema\u201d, precis\u00f3.<\/p>\n<p style=\"text-align: justify;\">Por \u00faltimo, Pati\u00f1o marc\u00f3 dos contradicciones del sistema educativo de la provincia que perjudican a los docentes titularizados: \u201cPor un lado el Gobierno abre a lo largo de la provincia institutos para la formaci\u00f3n de educadores, y por el otro no les permite acceder a las aulas porque no acondiciona el estatuto ni cumple con sus directivas. Asimismo, se dicta la carrera de bibliotecario\/a en el barrio Emilio Tom\u00e1s y en el dictamen que cuestionamos, dice que los cargos auxiliares docentes (donde entra el de bibliotecario) no se pueden reemplazar porque m\u00e1s de que no tengan t\u00edtulo habilitante\u201d.<\/p>\n<p style=\"text-align: justify;\">Fuente: La Ma\u00f1ana.<\/p>\n","protected":false},"excerpt":{"rendered":"<div class=\"mh-excerpt\"><p>La titular de Autoconvocados habl\u00f3 con el m\u00f3vil de La Ma\u00f1ana en Vivo sobre la dif\u00edcil situaci\u00f3n de los docentes titulados que no pueden acceder <a class=\"mh-excerpt-more\" href=\"https:\/\/primiciasclorinda.com\/?p=15518\" title=\"Nilda Pati\u00f1o: \u201cEs indignante ver c\u00f3mo alcahuetes y parientes ocupan cargos que le pertenecen a docentes titulados\u201d\">[&#8230;]<\/a><\/p>\n<\/div>","protected":false},"author":3,"featured_media":4975,"comment_status":"open","ping_status":"open","sticky":false,"template":"","format":"standard","meta":{"footnotes":""},"categories":[3],"tags":[675,227,916],"class_list":["post-15518","post","type-post","status-publish","format-standard","has-post-thumbnail","hentry","category-politica-economia","tag-dia-del-maestro","tag-docentes","tag-nilda-patino"],"_links":{"self":[{"href":"https:\/\/primiciasclorinda.com\/index.php?rest_route=\/wp\/v2\/posts\/15518","targetHints":{"allow":["GET"]}}],"collection":[{"href":"https:\/\/primiciasclorinda.com\/index.php?rest_route=\/wp\/v2\/posts"}],"about":[{"href":"https:\/\/primiciasclorinda.com\/index.php?rest_route=\/wp\/v2\/types\/post"}],"author":[{"embeddable":true,"href":"https:\/\/primiciasclorinda.com\/index.php?rest_route=\/wp\/v2\/users\/3"}],"replies":[{"embeddable":true,"href":"https:\/\/primiciasclorinda.com\/index.php?rest_route=%2Fwp%2Fv2%2Fcomments&post=15518"}],"version-history":[{"count":1,"href":"https:\/\/primiciasclorinda.com\/index.php?rest_route=\/wp\/v2\/posts\/15518\/revisions"}],"predecessor-version":[{"id":15519,"href":"https:\/\/primiciasclorinda.com\/index.php?rest_route=\/wp\/v2\/posts\/15518\/revisions\/15519"}],"wp:featuredmedia":[{"embeddable":true,"href":"https:\/\/primiciasclorinda.com\/index.php?rest_route=\/wp\/v2\/media\/4975"}],"wp:attachment":[{"href":"https:\/\/primiciasclorinda.com\/index.php?rest_route=%2Fwp%2Fv2%2Fmedia&parent=15518"}],"wp:term":[{"taxonomy":"category","embeddable":true,"href":"https:\/\/primiciasclorinda.com\/index.php?rest_route=%2Fwp%2Fv2%2Fcategories&post=15518"},{"taxonomy":"post_tag","embeddable":true,"href":"https:\/\/primiciasclorinda.com\/index.php?rest_route=%2Fwp%2Fv2%2Ftags&post=15518"}],"curies":[{"name":"wp","href":"https:\/\/api.w.org\/{rel}","templated":true}]}}