{"id":15496,"date":"2019-09-10T17:24:43","date_gmt":"2019-09-10T20:24:43","guid":{"rendered":"http:\/\/primiciasclorinda.com\/?p=15496"},"modified":"2019-09-10T17:24:43","modified_gmt":"2019-09-10T20:24:43","slug":"trabajadores-judiciales-piden-una-recomposicion-salarial-del-15-a-20-para-septiembre","status":"publish","type":"post","link":"https:\/\/primiciasclorinda.com\/?p=15496","title":{"rendered":"Trabajadores judiciales piden una recomposici\u00f3n salarial del 15 a 20% para septiembre"},"content":{"rendered":"<p style=\"text-align: justify;\">Lo resolvieron esta ma\u00f1ana en una asamblea extraordinaria. Licha Ben\u00edtez asegur\u00f3 que hay empleados con sueldos por debajo de la canasta b\u00e1sica familiar.<\/p>\n<p style=\"text-align: justify;\">La secretaria general de la Asociaci\u00f3n Judicial de Formosa, Basilicia Ben\u00edtez, confirm\u00f3 que esta ma\u00f1ana mediante una asamblea extraordinaria en la sede de San Mart\u00edn y Saavedra, se lleg\u00f3 a la decisi\u00f3n de presentar un reclamo de recomposici\u00f3n salarial ante el Superior Tribunal de Justicia. \u201cEl pedido es de un 15 a 20% de aumento para el mes de septiembre\u201d, precis\u00f3 la dirigente.<\/p>\n<p style=\"text-align: justify;\">En el marco de la jornada nacional de protesta convocada para este martes por las principales centrales sindicales del pa\u00eds, la Federaci\u00f3n Judicial Argentina se pleg\u00f3 a la medida. Y en este contexto, la Asociaci\u00f3n Judicial de Formosa llam\u00f3 a una asamblea extraordinaria en la sede de San Mart\u00edn y Saavedra para abordar la actualidad del sector y reafirmar la voluntad conjunta de reclamar una apertura salarial para el mes de septiembre.<\/p>\n<p style=\"text-align: justify;\">De acuerdo a la escalada inflacionaria despu\u00e9s de las PASO y la inestabilidad del mercado cambiario, afiliados de la organizaci\u00f3n sindical de judiciales llegaron a la determinaci\u00f3n esta ma\u00f1ana de elevar el pedido de mejora en los haberes ante el Superior Tribunal. \u201cPusimos en consideraci\u00f3n del STJ y el Ejecutivo provincial un porcentaje de 15 a 20% de incremento en los salarios para intentar cubrir las proyecciones inflacionarias que debilitan el poder adquisitivo de los empleados\u201d, manifest\u00f3 Licha Ben\u00edtez.<\/p>\n<p style=\"text-align: justify;\">La dirigente reconoci\u00f3 que la situaci\u00f3n actual del sector trabajador del poder judicial es delicada y reconoci\u00f3 que entre la masa de empleados, muchos de ellos est\u00e1n ganando un sueldo que no supera la canasta b\u00e1sica familiar. \u201cEn esta oportunidad entendemos que la cuesti\u00f3n salarial es urgente, de todas maneras la Asociaci\u00f3n no abandona los reclamos por los ascensos en la justicia y la estabilidad laboral\u201d, dijo.<\/p>\n<p style=\"text-align: justify;\">Por \u00faltimo, Ben\u00edtez inform\u00f3 que se mantendr\u00e1n en estado de asamblea permanente en su organizaci\u00f3n y que esperar\u00e1n dos semanas una respuesta del Superior Tribunal: \u201cDe acuerdo a las novedades que tengamos acerca de nuestro pedido de aumento, se evaluar\u00e1n las medidas a seguir\u201d, concluy\u00f3.<\/p>\n<p style=\"text-align: justify;\">Fuente: La Ma\u00f1ana.<\/p>\n","protected":false},"excerpt":{"rendered":"<div class=\"mh-excerpt\"><p>Lo resolvieron esta ma\u00f1ana en una asamblea extraordinaria. Licha Ben\u00edtez asegur\u00f3 que hay empleados con sueldos por debajo de la canasta b\u00e1sica familiar. La secretaria <a class=\"mh-excerpt-more\" href=\"https:\/\/primiciasclorinda.com\/?p=15496\" title=\"Trabajadores judiciales piden una recomposici\u00f3n salarial del 15 a 20% para septiembre\">[&#8230;]<\/a><\/p>\n<\/div>","protected":false},"author":3,"featured_media":15497,"comment_status":"open","ping_status":"open","sticky":false,"template":"","format":"standard","meta":{"footnotes":""},"categories":[3],"tags":[706,1739],"class_list":["post-15496","post","type-post","status-publish","format-standard","has-post-thumbnail","hentry","category-politica-economia","tag-aumento-salarial","tag-judiciales"],"_links":{"self":[{"href":"https:\/\/primiciasclorinda.com\/index.php?rest_route=\/wp\/v2\/posts\/15496","targetHints":{"allow":["GET"]}}],"collection":[{"href":"https:\/\/primiciasclorinda.com\/index.php?rest_route=\/wp\/v2\/posts"}],"about":[{"href":"https:\/\/primiciasclorinda.com\/index.php?rest_route=\/wp\/v2\/types\/post"}],"author":[{"embeddable":true,"href":"https:\/\/primiciasclorinda.com\/index.php?rest_route=\/wp\/v2\/users\/3"}],"replies":[{"embeddable":true,"href":"https:\/\/primiciasclorinda.com\/index.php?rest_route=%2Fwp%2Fv2%2Fcomments&post=15496"}],"version-history":[{"count":1,"href":"https:\/\/primiciasclorinda.com\/index.php?rest_route=\/wp\/v2\/posts\/15496\/revisions"}],"predecessor-version":[{"id":15498,"href":"https:\/\/primiciasclorinda.com\/index.php?rest_route=\/wp\/v2\/posts\/15496\/revisions\/15498"}],"wp:featuredmedia":[{"embeddable":true,"href":"https:\/\/primiciasclorinda.com\/index.php?rest_route=\/wp\/v2\/media\/15497"}],"wp:attachment":[{"href":"https:\/\/primiciasclorinda.com\/index.php?rest_route=%2Fwp%2Fv2%2Fmedia&parent=15496"}],"wp:term":[{"taxonomy":"category","embeddable":true,"href":"https:\/\/primiciasclorinda.com\/index.php?rest_route=%2Fwp%2Fv2%2Fcategories&post=15496"},{"taxonomy":"post_tag","embeddable":true,"href":"https:\/\/primiciasclorinda.com\/index.php?rest_route=%2Fwp%2Fv2%2Ftags&post=15496"}],"curies":[{"name":"wp","href":"https:\/\/api.w.org\/{rel}","templated":true}]}}