{"id":15461,"date":"2019-09-09T18:45:36","date_gmt":"2019-09-09T21:45:36","guid":{"rendered":"http:\/\/primiciasclorinda.com\/?p=15461"},"modified":"2019-09-09T18:45:36","modified_gmt":"2019-09-09T21:45:36","slug":"concientizaron-sobre-distrofia-muscular-en-la-plaza-de-la-madre","status":"publish","type":"post","link":"https:\/\/primiciasclorinda.com\/?p=15461","title":{"rendered":"Concientizaron sobre Distrofia Muscular en la plaza de la Madre"},"content":{"rendered":"<p style=\"text-align: justify;\">Este s\u00e1bado 7 se conmemoraba el d\u00eda internacional de la Distrofia Muscular por tal motivo las madres de los chicos que padecen esta enfermedad cr\u00f3nica realizaron una campa;a de concientizaci\u00f3n en la plaza de la Madre. En la ocasi\u00f3n estuvieron\u00a0acompa\u00f1adas\u00a0 por el Concejo de Discpacidadad del Municipio.<\/p>\n<p style=\"text-align: justify;\"><strong>Compartimos la nota de Rub\u00e9n Godoy<\/strong><\/p>\n<p><a href=\"https:\/\/www.facebook.com\/PeriodistaDeClorinda\/videos\/2671871549513340\/?t=3\">https:\/\/www.facebook.com\/PeriodistaDeClorinda\/videos\/2671871549513340\/?t=3<\/a><\/p>\n","protected":false},"excerpt":{"rendered":"<div class=\"mh-excerpt\"><p>Este s\u00e1bado 7 se conmemoraba el d\u00eda internacional de la Distrofia Muscular por tal motivo las madres de los chicos que padecen esta enfermedad cr\u00f3nica <a class=\"mh-excerpt-more\" href=\"https:\/\/primiciasclorinda.com\/?p=15461\" title=\"Concientizaron sobre Distrofia Muscular en la plaza de la Madre\">[&#8230;]<\/a><\/p>\n<\/div>","protected":false},"author":3,"featured_media":15462,"comment_status":"open","ping_status":"open","sticky":false,"template":"","format":"standard","meta":{"footnotes":""},"categories":[4],"tags":[26,2620],"class_list":["post-15461","post","type-post","status-publish","format-standard","has-post-thumbnail","hentry","category-informacion-general","tag-clorinda","tag-distrofia-muscular"],"_links":{"self":[{"href":"https:\/\/primiciasclorinda.com\/index.php?rest_route=\/wp\/v2\/posts\/15461","targetHints":{"allow":["GET"]}}],"collection":[{"href":"https:\/\/primiciasclorinda.com\/index.php?rest_route=\/wp\/v2\/posts"}],"about":[{"href":"https:\/\/primiciasclorinda.com\/index.php?rest_route=\/wp\/v2\/types\/post"}],"author":[{"embeddable":true,"href":"https:\/\/primiciasclorinda.com\/index.php?rest_route=\/wp\/v2\/users\/3"}],"replies":[{"embeddable":true,"href":"https:\/\/primiciasclorinda.com\/index.php?rest_route=%2Fwp%2Fv2%2Fcomments&post=15461"}],"version-history":[{"count":1,"href":"https:\/\/primiciasclorinda.com\/index.php?rest_route=\/wp\/v2\/posts\/15461\/revisions"}],"predecessor-version":[{"id":15463,"href":"https:\/\/primiciasclorinda.com\/index.php?rest_route=\/wp\/v2\/posts\/15461\/revisions\/15463"}],"wp:featuredmedia":[{"embeddable":true,"href":"https:\/\/primiciasclorinda.com\/index.php?rest_route=\/wp\/v2\/media\/15462"}],"wp:attachment":[{"href":"https:\/\/primiciasclorinda.com\/index.php?rest_route=%2Fwp%2Fv2%2Fmedia&parent=15461"}],"wp:term":[{"taxonomy":"category","embeddable":true,"href":"https:\/\/primiciasclorinda.com\/index.php?rest_route=%2Fwp%2Fv2%2Fcategories&post=15461"},{"taxonomy":"post_tag","embeddable":true,"href":"https:\/\/primiciasclorinda.com\/index.php?rest_route=%2Fwp%2Fv2%2Ftags&post=15461"}],"curies":[{"name":"wp","href":"https:\/\/api.w.org\/{rel}","templated":true}]}}