{"id":15434,"date":"2019-09-06T18:26:08","date_gmt":"2019-09-06T21:26:08","guid":{"rendered":"http:\/\/primiciasclorinda.com\/?p=15434"},"modified":"2019-09-06T18:26:08","modified_gmt":"2019-09-06T21:26:08","slug":"el-dolar-bajo-a-5802-y-en-la-semana-cayo-646","status":"publish","type":"post","link":"https:\/\/primiciasclorinda.com\/?p=15434","title":{"rendered":"El d\u00f3lar baj\u00f3 a $58,02 y en la semana cay\u00f3 6,46%"},"content":{"rendered":"<p style=\"text-align: justify;\">En el segmento mayorista, la divisa perdi\u00f3 19 centavos (-0,34%) y finaliz\u00f3 en $55,82, mientras que en el balance semanal retrocedi\u00f3 $3,69 (-6,20%).<\/p>\n<p style=\"text-align: justify;\">El d\u00f3lar baj\u00f3 18 centavos (-0,31%) y cerr\u00f3 a $58,02 promedio para la venta al p\u00fablico en una jornada sin intervenciones directas del BCRA y corrigi\u00f3 la suba de este jueves, en tanto que en la semana cay\u00f3 $4,01 (-6,46%).<\/p>\n<p style=\"text-align: justify;\">En cuanto a la tasa de pol\u00edtica monetaria, el BCRA convalid\u00f3 una suba en la tasa de las Leliq de dos puntos b\u00e1sicos respecto del jueves al finalizar a 85,828%, y en la semana avanz\u00f3 256 puntos b\u00e1sicos. El total adjudicado este viernes fue de $204.353 millones y a partir de esta operatoria se gener\u00f3 una contracci\u00f3n de liquidez de $39.244 millones.<\/p>\n<p style=\"text-align: justify;\">Mauro Mazza, responsable de Research y Estrategia de Bull Market Brokers, indic\u00f3 que \u00ablos ahorristas peque\u00f1os\u00bb est\u00e1n ayudando a contener la brecha comprando en oficial y vendiendo en el resto de la plaza paralela. \u00abLos montos de arbitraje no implican problemas para el BCRA. Deben dejar que esto suceda, ya que cualquier limitaci\u00f3n a los ahorristas y su disposicion con los d\u00f3lares podr\u00eda disparar la brecha\u00bb, advirti\u00f3.<\/p>\n","protected":false},"excerpt":{"rendered":"<div class=\"mh-excerpt\"><p>En el segmento mayorista, la divisa perdi\u00f3 19 centavos (-0,34%) y finaliz\u00f3 en $55,82, mientras que en el balance semanal retrocedi\u00f3 $3,69 (-6,20%). El d\u00f3lar <a class=\"mh-excerpt-more\" href=\"https:\/\/primiciasclorinda.com\/?p=15434\" title=\"El d\u00f3lar baj\u00f3 a $58,02 y en la semana cay\u00f3 6,46%\">[&#8230;]<\/a><\/p>\n<\/div>","protected":false},"author":3,"featured_media":3121,"comment_status":"open","ping_status":"open","sticky":false,"template":"","format":"standard","meta":{"footnotes":""},"categories":[3],"tags":[67],"class_list":["post-15434","post","type-post","status-publish","format-standard","has-post-thumbnail","hentry","category-politica-economia","tag-dolar"],"_links":{"self":[{"href":"https:\/\/primiciasclorinda.com\/index.php?rest_route=\/wp\/v2\/posts\/15434","targetHints":{"allow":["GET"]}}],"collection":[{"href":"https:\/\/primiciasclorinda.com\/index.php?rest_route=\/wp\/v2\/posts"}],"about":[{"href":"https:\/\/primiciasclorinda.com\/index.php?rest_route=\/wp\/v2\/types\/post"}],"author":[{"embeddable":true,"href":"https:\/\/primiciasclorinda.com\/index.php?rest_route=\/wp\/v2\/users\/3"}],"replies":[{"embeddable":true,"href":"https:\/\/primiciasclorinda.com\/index.php?rest_route=%2Fwp%2Fv2%2Fcomments&post=15434"}],"version-history":[{"count":1,"href":"https:\/\/primiciasclorinda.com\/index.php?rest_route=\/wp\/v2\/posts\/15434\/revisions"}],"predecessor-version":[{"id":15435,"href":"https:\/\/primiciasclorinda.com\/index.php?rest_route=\/wp\/v2\/posts\/15434\/revisions\/15435"}],"wp:featuredmedia":[{"embeddable":true,"href":"https:\/\/primiciasclorinda.com\/index.php?rest_route=\/wp\/v2\/media\/3121"}],"wp:attachment":[{"href":"https:\/\/primiciasclorinda.com\/index.php?rest_route=%2Fwp%2Fv2%2Fmedia&parent=15434"}],"wp:term":[{"taxonomy":"category","embeddable":true,"href":"https:\/\/primiciasclorinda.com\/index.php?rest_route=%2Fwp%2Fv2%2Fcategories&post=15434"},{"taxonomy":"post_tag","embeddable":true,"href":"https:\/\/primiciasclorinda.com\/index.php?rest_route=%2Fwp%2Fv2%2Ftags&post=15434"}],"curies":[{"name":"wp","href":"https:\/\/api.w.org\/{rel}","templated":true}]}}