{"id":15432,"date":"2019-09-06T18:24:48","date_gmt":"2019-09-06T21:24:48","guid":{"rendered":"http:\/\/primiciasclorinda.com\/?p=15432"},"modified":"2019-09-06T18:24:48","modified_gmt":"2019-09-06T21:24:48","slug":"caso-maldonado-la-justicia-reabrio-la-investigacion-y-ordeno-pericias","status":"publish","type":"post","link":"https:\/\/primiciasclorinda.com\/?p=15432","title":{"rendered":"Caso Maldonado: la Justicia reabri\u00f3 la investigaci\u00f3n y orden\u00f3 pericias"},"content":{"rendered":"<p style=\"text-align: justify;\">Santiago Maldonado desapareci\u00f3 el 1 de agosto de 2017 durante un procedimiento realizado por personal de Gendarmer\u00eda para desalojar la ruta 40.<\/p>\n<p style=\"text-align: justify;\">La C\u00e1mara Federal de Apelaciones de Comodoro Rivadavia reabri\u00f3 la investigaci\u00f3n por la muerte de Santiago Maldonado y orden\u00f3 pruebas para determinar si pudo haber abandono de persona por parte de personal de Gendarmer\u00eda o miembros de la comunidad mapuche que estaban junto al joven en agosto de 2017.<\/p>\n<p style=\"text-align: justify;\">\u00abNos encontramos ante una muerte traum\u00e1tica con ribetes que podr\u00edan ser tildados de dudodos, por haber acontecido en un contexto de intervenci\u00f3n estatal en cuyo desarrollo se hizo uso de las herramientas dotadas a los agentes estatales para la prevenci\u00f3n y represi\u00f3n de los delitos\u00bb, advirtieron los camaristas Aldo Suarez, Javier Leal de Ibarra y Hebe Corchuelo de Huberman en el fallo al que accedi\u00f3 T\u00e9lam.<\/p>\n<p style=\"text-align: justify;\">El Tribunal de Apelaciones resolvi\u00f3 as\u00ed una apelaci\u00f3n presentada a principio de a\u00f1o por los querellantes del caso, ratific\u00f3 que no se prob\u00f3 el delito de desaparici\u00f3n forzada, pero revoc\u00f3 el sobreseimiento al gendarme Emmanuel Echaz\u00fa y tambi\u00e9n el cierre de la pesquisa.<\/p>\n<p style=\"text-align: justify;\">Los jueces explicaron que las pruebas existentes confirman que la \u00abhip\u00f3tesis m\u00e1s probable del hecho es la asfixia por sumersi\u00f3n\u00bb, pese a lo cual sostuvieron que buscan \u00abdespejar cualquier duda razonable y favorecer el derecho a la verdad\u00bb.<\/p>\n","protected":false},"excerpt":{"rendered":"<div class=\"mh-excerpt\"><p>Santiago Maldonado desapareci\u00f3 el 1 de agosto de 2017 durante un procedimiento realizado por personal de Gendarmer\u00eda para desalojar la ruta 40. La C\u00e1mara Federal <a class=\"mh-excerpt-more\" href=\"https:\/\/primiciasclorinda.com\/?p=15432\" title=\"Caso Maldonado: la Justicia reabri\u00f3 la investigaci\u00f3n y orden\u00f3 pericias\">[&#8230;]<\/a><\/p>\n<\/div>","protected":false},"author":3,"featured_media":6070,"comment_status":"open","ping_status":"open","sticky":false,"template":"","format":"standard","meta":{"footnotes":""},"categories":[3],"tags":[1092],"class_list":["post-15432","post","type-post","status-publish","format-standard","has-post-thumbnail","hentry","category-politica-economia","tag-santiago-maldonado"],"_links":{"self":[{"href":"https:\/\/primiciasclorinda.com\/index.php?rest_route=\/wp\/v2\/posts\/15432","targetHints":{"allow":["GET"]}}],"collection":[{"href":"https:\/\/primiciasclorinda.com\/index.php?rest_route=\/wp\/v2\/posts"}],"about":[{"href":"https:\/\/primiciasclorinda.com\/index.php?rest_route=\/wp\/v2\/types\/post"}],"author":[{"embeddable":true,"href":"https:\/\/primiciasclorinda.com\/index.php?rest_route=\/wp\/v2\/users\/3"}],"replies":[{"embeddable":true,"href":"https:\/\/primiciasclorinda.com\/index.php?rest_route=%2Fwp%2Fv2%2Fcomments&post=15432"}],"version-history":[{"count":1,"href":"https:\/\/primiciasclorinda.com\/index.php?rest_route=\/wp\/v2\/posts\/15432\/revisions"}],"predecessor-version":[{"id":15433,"href":"https:\/\/primiciasclorinda.com\/index.php?rest_route=\/wp\/v2\/posts\/15432\/revisions\/15433"}],"wp:featuredmedia":[{"embeddable":true,"href":"https:\/\/primiciasclorinda.com\/index.php?rest_route=\/wp\/v2\/media\/6070"}],"wp:attachment":[{"href":"https:\/\/primiciasclorinda.com\/index.php?rest_route=%2Fwp%2Fv2%2Fmedia&parent=15432"}],"wp:term":[{"taxonomy":"category","embeddable":true,"href":"https:\/\/primiciasclorinda.com\/index.php?rest_route=%2Fwp%2Fv2%2Fcategories&post=15432"},{"taxonomy":"post_tag","embeddable":true,"href":"https:\/\/primiciasclorinda.com\/index.php?rest_route=%2Fwp%2Fv2%2Ftags&post=15432"}],"curies":[{"name":"wp","href":"https:\/\/api.w.org\/{rel}","templated":true}]}}