{"id":15331,"date":"2019-09-02T17:42:48","date_gmt":"2019-09-02T20:42:48","guid":{"rendered":"http:\/\/primiciasclorinda.com\/?p=15331"},"modified":"2019-09-02T17:42:48","modified_gmt":"2019-09-02T20:42:48","slug":"basterra-insfran-no-trabaja-sobre-ilusiones-sino-sobre-acciones-concretas","status":"publish","type":"post","link":"https:\/\/primiciasclorinda.com\/?p=15331","title":{"rendered":"Basterra: \u201cInsfr\u00e1n no trabaja sobre ilusiones, sino sobre acciones concretas\u201d"},"content":{"rendered":"<p style=\"text-align: justify;\">Para Luis Basterra, candidato a diputado nacional de Formosa por el Frente de Todos (FdT), en la reciente y extensa gira del gobernador Gildo Insfr\u00e1n por el oeste qued\u00f3 evidenciado que \u201clos conceptos de equidad e inclusi\u00f3n del Modelo Formose\u00f1o se llevan adelante a lo largo y ancho de nuestra provincia\u201d.<\/p>\n<p style=\"text-align: justify;\">\u201cEs una alegr\u00eda enorme ver que los conceptos de equidad e inclusi\u00f3n que se llevan adelante a lo largo y ancho de nuestra provincia se plasman, particularmente, en el oeste, donde hay beneficios y condiciones dignas\u201d, remarc\u00f3 el legislador, quien form\u00f3 parte de la comitiva que acompa\u00f1\u00f3 al primer mandatario durante los cuatro d\u00edas que dur\u00f3 la gira.<\/p>\n<p style=\"text-align: justify;\">Resalt\u00f3 que \u201cen cada pueblo que visitamos ya hab\u00eda una obra inaugurada o se estaba habilitando otra, poniendo en las mismas condiciones y dando las mismas posibilidades que el resto de la provincia\u201d.<\/p>\n<p style=\"text-align: justify;\">\u201cEs la misma calidad de elementos y de construcci\u00f3n de una obra en el oeste que en el centro de la capital de Formosa. Esto habla de lo que es el Modelo Formose\u00f1o en acci\u00f3n, lo que fue un sue\u00f1o en su momento y hoy es una realidad\u201d, subray\u00f3.<\/p>\n<p style=\"text-align: justify;\">En ese sentido, enfatiz\u00f3 que \u201cello nos habilita a seguir pensando en el futuro, m\u00e1s all\u00e1 de la dur\u00edsima situaci\u00f3n por la que atraviesa el pa\u00eds. La esperanza no decae en Formosa porque sabemos que, como dice nuestro Gobernador, con compromiso, fe y esperanza, vamos a salir una vez m\u00e1s fortalecidos\u201d.<\/p>\n<p style=\"text-align: justify;\">\u201cAc\u00e1 hay un proyecto, un modelo, que es el gu\u00eda la acci\u00f3n de nuestra provincia\u201d, hizo notar, categ\u00f3rico, el ingeniero Basterra.<\/p>\n<p style=\"text-align: justify;\">Acciones<\/p>\n<p style=\"text-align: justify;\">Asimismo, signific\u00f3 que \u201cel gobernador Insfr\u00e1n no trabaja sobre ilusiones, sino sobre acciones concretas. Cuando \u00e9l nos propone sue\u00f1os sabe que se pueden realizar, pero tambi\u00e9n cuando esos sue\u00f1os pueden sonar ilusorios, como fue lo que Mauricio Macri les propuso a la Argentina, sabe que se corre un serio riesgo, por lo tanto con absoluta seriedad y compromiso nos define c\u00f3mo es el escenario en el que est\u00e1n ocurriendo las cosas\u201d.<\/p>\n<p style=\"text-align: justify;\">\u201cNos advierte que el camino va a ser de mucho compromiso y esfuerzo y que lo que aspiramos es que no sea de sacrificio, no queremos que nadie quede en el camino \u2013marc\u00f3-. Para esto nos propone la unidad y la solidaridad, que son los caminos que permiten que cada uno pueda realizarse en su tierra, sabiendo que nadie se realiza en una comunidad que no se realiza\u201d.<\/p>\n<p style=\"text-align: justify;\">Indic\u00f3 que \u201ccon esta premisa vamos a saber enfrentar a la adversidad y lo vamos a hacer con alegr\u00eda porque sabemos que va a ser un desaf\u00edo colectivo salir de este atolladero al que nos llev\u00f3 el presidente Macri. Confiamos en que el pueblo argentino va a estar a la altura de las circunstancias y va a responder con ese esp\u00edritu de solidaridad que requieren los malos tiempos\u201d.<\/p>\n<p style=\"text-align: justify;\">Finalmente, coincidi\u00f3 con el gobernador Insfr\u00e1n en que las recientes medidas que tom\u00f3 Macri \u201cson malas y hasta perversas\u201d porque \u201cno resuelven los problemas de fondo\u201d.<\/p>\n<p style=\"text-align: justify;\">Reproch\u00f3 que en el Gobierno Nacional \u201csigue habiendo un criterio de no enfrentar la crisis con los instrumentos con los que debe hacerlo, que son abordar las necesidades prioritarias de la gente en este parate de la econom\u00eda y la actividad productiva; por eso nuestro Gobernador habla de preservar los salarios, la comida y la salud\u201d, finaliz\u00f3.<\/p>\n","protected":false},"excerpt":{"rendered":"<div class=\"mh-excerpt\"><p>Para Luis Basterra, candidato a diputado nacional de Formosa por el Frente de Todos (FdT), en la reciente y extensa gira del gobernador Gildo Insfr\u00e1n <a class=\"mh-excerpt-more\" href=\"https:\/\/primiciasclorinda.com\/?p=15331\" title=\"Basterra: \u201cInsfr\u00e1n no trabaja sobre ilusiones, sino sobre acciones concretas\u201d\">[&#8230;]<\/a><\/p>\n<\/div>","protected":false},"author":3,"featured_media":6090,"comment_status":"open","ping_status":"open","sticky":false,"template":"","format":"standard","meta":{"footnotes":""},"categories":[3],"tags":[2092,655,1073],"class_list":["post-15331","post","type-post","status-publish","format-standard","has-post-thumbnail","hentry","category-politica-economia","tag-elecciones-2019","tag-insfran","tag-luis-basterra"],"_links":{"self":[{"href":"https:\/\/primiciasclorinda.com\/index.php?rest_route=\/wp\/v2\/posts\/15331","targetHints":{"allow":["GET"]}}],"collection":[{"href":"https:\/\/primiciasclorinda.com\/index.php?rest_route=\/wp\/v2\/posts"}],"about":[{"href":"https:\/\/primiciasclorinda.com\/index.php?rest_route=\/wp\/v2\/types\/post"}],"author":[{"embeddable":true,"href":"https:\/\/primiciasclorinda.com\/index.php?rest_route=\/wp\/v2\/users\/3"}],"replies":[{"embeddable":true,"href":"https:\/\/primiciasclorinda.com\/index.php?rest_route=%2Fwp%2Fv2%2Fcomments&post=15331"}],"version-history":[{"count":1,"href":"https:\/\/primiciasclorinda.com\/index.php?rest_route=\/wp\/v2\/posts\/15331\/revisions"}],"predecessor-version":[{"id":15332,"href":"https:\/\/primiciasclorinda.com\/index.php?rest_route=\/wp\/v2\/posts\/15331\/revisions\/15332"}],"wp:featuredmedia":[{"embeddable":true,"href":"https:\/\/primiciasclorinda.com\/index.php?rest_route=\/wp\/v2\/media\/6090"}],"wp:attachment":[{"href":"https:\/\/primiciasclorinda.com\/index.php?rest_route=%2Fwp%2Fv2%2Fmedia&parent=15331"}],"wp:term":[{"taxonomy":"category","embeddable":true,"href":"https:\/\/primiciasclorinda.com\/index.php?rest_route=%2Fwp%2Fv2%2Fcategories&post=15331"},{"taxonomy":"post_tag","embeddable":true,"href":"https:\/\/primiciasclorinda.com\/index.php?rest_route=%2Fwp%2Fv2%2Ftags&post=15331"}],"curies":[{"name":"wp","href":"https:\/\/api.w.org\/{rel}","templated":true}]}}