{"id":15125,"date":"2019-08-16T08:10:41","date_gmt":"2019-08-16T11:10:41","guid":{"rendered":"http:\/\/primiciasclorinda.com\/?p=15125"},"modified":"2019-08-16T08:10:58","modified_gmt":"2019-08-16T11:10:58","slug":"15125","status":"publish","type":"post","link":"https:\/\/primiciasclorinda.com\/?p=15125","title":{"rendered":"Eliminar\u00e1n hasta fin de a\u00f1o el IVA para gran parte de los alimentos de la canasta b\u00e1sica"},"content":{"rendered":"<p style=\"text-align: justify;\">\u00abTom\u00e9 una decisi\u00f3n excepcional, que nunca se tom\u00f3 en la Argentina\u00bb, detall\u00f3 el presidente Macri por Twitter.<\/p>\n<p style=\"text-align: justify;\">En busca de lograr revertir el escenario electoral y contener a la sociedad en momentos cr\u00edticos en materia econ\u00f3mica, el Gobierno anunci\u00f3 la eliminaci\u00f3n del IVA para los principales productos de la canasta b\u00e1sica, medida que regir\u00e1 hasta fin de a\u00f1o.<\/p>\n<p style=\"text-align: justify;\">Los principales productos que consumen las familias argentinas pagar\u00e1n desde ma\u00f1ana 0% de IVA (casi todos pagaban 21% hasta hoy). \u00abEs la primera vez en la historia del pa\u00eds que se elimina el IVA a los alimentos\u00bb, dice el informe oficial, que agrega que \u00abla medida ayudar\u00e1 a compensar el impacto de la devaluaci\u00f3n en los precios\u00bb.<\/p>\n<p style=\"text-align: justify;\">Mediante un video en Twitter el presidente Mauricio Macri adelant\u00f3 la decisi\u00f3n, que fue trabajada entre los ministerios de Producci\u00f3n, Econom\u00eda y la AFIP. \u00abTome una decisi\u00f3n excepcional, que nunca se tom\u00f3 en la Argentina\u00bb, detall\u00f3 el presidente. \u00abVoy a seguir trabajando para llevar tranquilidad y que este proceso electoral no afecte el d\u00eda a d\u00eda de todos los Argentinos\u00bb, dijo.<\/p>\n<p style=\"text-align: justify;\">Los productos incluidos<\/p>\n<p style=\"text-align: justify;\">La medida incluye a los siguientes productos: pan, leche flu\u00edda y UAT, aceite girasol y mezcla, pastas secas, arroz, harinas de trigo, polenta, rebozador y pan rallado, yerba mate, mate cocido y t\u00e9, conservas de frutas, hortalizas y legumbres, yogures, huevos y az\u00facar. Pan y harina ya tributan 10,5%.<\/p>\n<p style=\"text-align: justify;\">La norma tiene vigencia hasta fin de a\u00f1o. Regir\u00e1 en todos los puntos de venta destinados al consumidor final y se publicar\u00e1 en las pr\u00f3ximas horas en el Bolet\u00edn Oficial.<\/p>\n","protected":false},"excerpt":{"rendered":"<div class=\"mh-excerpt\"><p>\u00abTom\u00e9 una decisi\u00f3n excepcional, que nunca se tom\u00f3 en la Argentina\u00bb, detall\u00f3 el presidente Macri por Twitter. En busca de lograr revertir el escenario electoral <a class=\"mh-excerpt-more\" href=\"https:\/\/primiciasclorinda.com\/?p=15125\" title=\"Eliminar\u00e1n hasta fin de a\u00f1o el IVA para gran parte de los alimentos de la canasta b\u00e1sica\">[&#8230;]<\/a><\/p>\n<\/div>","protected":false},"author":3,"featured_media":15126,"comment_status":"open","ping_status":"open","sticky":false,"template":"","format":"standard","meta":{"footnotes":""},"categories":[3],"tags":[2569,1585,2567],"class_list":["post-15125","post","type-post","status-publish","format-standard","has-post-thumbnail","hentry","category-politica-economia","tag-alimentos","tag-macri","tag-medidas-economicas"],"_links":{"self":[{"href":"https:\/\/primiciasclorinda.com\/index.php?rest_route=\/wp\/v2\/posts\/15125","targetHints":{"allow":["GET"]}}],"collection":[{"href":"https:\/\/primiciasclorinda.com\/index.php?rest_route=\/wp\/v2\/posts"}],"about":[{"href":"https:\/\/primiciasclorinda.com\/index.php?rest_route=\/wp\/v2\/types\/post"}],"author":[{"embeddable":true,"href":"https:\/\/primiciasclorinda.com\/index.php?rest_route=\/wp\/v2\/users\/3"}],"replies":[{"embeddable":true,"href":"https:\/\/primiciasclorinda.com\/index.php?rest_route=%2Fwp%2Fv2%2Fcomments&post=15125"}],"version-history":[{"count":3,"href":"https:\/\/primiciasclorinda.com\/index.php?rest_route=\/wp\/v2\/posts\/15125\/revisions"}],"predecessor-version":[{"id":15129,"href":"https:\/\/primiciasclorinda.com\/index.php?rest_route=\/wp\/v2\/posts\/15125\/revisions\/15129"}],"wp:featuredmedia":[{"embeddable":true,"href":"https:\/\/primiciasclorinda.com\/index.php?rest_route=\/wp\/v2\/media\/15126"}],"wp:attachment":[{"href":"https:\/\/primiciasclorinda.com\/index.php?rest_route=%2Fwp%2Fv2%2Fmedia&parent=15125"}],"wp:term":[{"taxonomy":"category","embeddable":true,"href":"https:\/\/primiciasclorinda.com\/index.php?rest_route=%2Fwp%2Fv2%2Fcategories&post=15125"},{"taxonomy":"post_tag","embeddable":true,"href":"https:\/\/primiciasclorinda.com\/index.php?rest_route=%2Fwp%2Fv2%2Ftags&post=15125"}],"curies":[{"name":"wp","href":"https:\/\/api.w.org\/{rel}","templated":true}]}}