{"id":15056,"date":"2019-08-12T08:11:58","date_gmt":"2019-08-12T11:11:58","guid":{"rendered":"http:\/\/primiciasclorinda.com\/?p=15056"},"modified":"2019-08-12T08:11:58","modified_gmt":"2019-08-12T11:11:58","slug":"frigerio-destaco-que-nunca-antes-en-la-historia-argentina-fue-tan-rapido-el-escrutinio-de-votos","status":"publish","type":"post","link":"https:\/\/primiciasclorinda.com\/?p=15056","title":{"rendered":"Frigerio destac\u00f3 que \u00abnunca antes en la historia\u00bb argentina fue tan r\u00e1pido el escrutinio de votos"},"content":{"rendered":"<p style=\"text-align: justify;\">Frigerio destac\u00f3 que \u00abnunca antes en la historia\u00bb argentina fue tan r\u00e1pido el escrutinio de votos<br \/>\nEl ministro del Interior, Rogelio Frigerio, asegur\u00f3 hoy que \u00abnunca antes en la historia\u00bb de la argentina hubo un escrutinio provisorio de votos tan veloz, y destac\u00f3 que \u00abantes de medianoche\u00bb estar\u00e1 terminado el c\u00f3mputo de los sufragios emitidos en las primarias PASO.<\/p>\n<p style=\"text-align: justify;\">El ministro del Interior, Rogelio Frigerio, asegur\u00f3 hoy que \u00abnunca antes en la historia\u00bb de la argentina hubo un escrutinio provisorio de votos tan veloz, y destac\u00f3 que \u00abantes de medianoche\u00bb estar\u00e1 terminado el c\u00f3mputo de los sufragios emitidos en las primarias PASO.<\/p>\n<p style=\"text-align: justify;\">En esa l\u00ednea, dijo que \u00abel nivel de carga es muy superior al de a\u00f1os anteriores\u00bb, a pesar de que hubo una \u00abcarga dispar\u00bb en las provincias en las que tambi\u00e9n se eleg\u00edan autoridades provinciales.<\/p>\n<p style=\"text-align: justify;\">\u00abNunca antes en la historia a las 22.30 tuvimos cerca del 60% de las mesas\u00bb, asegur\u00f3 Frigerio esta noche en una conferencia de prensa en la sede central del Correo Argentino, en la ciudad de Buenos Aires, de la que tambi\u00e9n particip\u00f3 el secretario de Asuntos Pol\u00edticos, Adri\u00e1n P\u00e9rez.<\/p>\n<p style=\"text-align: justify;\">\u00abEl nivel de carga es muy superior al de a\u00f1os anteriores\u00bb, dijo Frigerio, que record\u00f3 que \u00aben 2015 tardamos hasta las 9 de la ma\u00f1ana del d\u00eda siguiente\u00bb y que \u00aba veces perdemos la perspectiva\u00bb.<\/p>\n<p style=\"text-align: justify;\">Consultado por los periodistas sobre por qu\u00e9 se tard\u00f3 hasta pasadas las 22.30 en conocer los primeros datos oficiales, P\u00e9rez admiti\u00f3 que \u00abtuvimos un problema t\u00e9cnico de difusi\u00f3n\u00bb, pero asegur\u00f3 que el sistema de control de datos no tuvo ning\u00fan otro inconveniente.<\/p>\n<p style=\"text-align: justify;\">\u00abLa carga fue dispar en aquellas provincias en las que hubo simultaneidad de otras elecciones\u00bb, explic\u00f3 P\u00e9rez, aunque afirm\u00f3 que \u00abtendremos el c\u00f3mputo terminado antes de medianoche\u00bb.<\/p>\n<p style=\"text-align: justify;\">Por \u00faltimo, Frigerio afirm\u00f3 que, con el resultado de la votaci\u00f3n, trabajaran desde el gobierno nacional para intentar revertir la tendencia de cara a las elecciones generales de octubre.<\/p>\n<p style=\"text-align: justify;\">\u00abVamos a escuchar el resultado de las urnas y desde ma\u00f1ana mismo trabajar con el Presidente para convencer a los argentinos\u00bb, cerr\u00f3 el ministro del Interior.<\/p>\n","protected":false},"excerpt":{"rendered":"<div class=\"mh-excerpt\"><p>Frigerio destac\u00f3 que \u00abnunca antes en la historia\u00bb argentina fue tan r\u00e1pido el escrutinio de votos El ministro del Interior, Rogelio Frigerio, asegur\u00f3 hoy que <a class=\"mh-excerpt-more\" href=\"https:\/\/primiciasclorinda.com\/?p=15056\" title=\"Frigerio destac\u00f3 que \u00abnunca antes en la historia\u00bb argentina fue tan r\u00e1pido el escrutinio de votos\">[&#8230;]<\/a><\/p>\n<\/div>","protected":false},"author":3,"featured_media":8911,"comment_status":"open","ping_status":"open","sticky":false,"template":"","format":"standard","meta":{"footnotes":""},"categories":[3],"tags":[2092,2563,1026],"class_list":["post-15056","post","type-post","status-publish","format-standard","has-post-thumbnail","hentry","category-politica-economia","tag-elecciones-2019","tag-frigerio","tag-paso"],"_links":{"self":[{"href":"https:\/\/primiciasclorinda.com\/index.php?rest_route=\/wp\/v2\/posts\/15056","targetHints":{"allow":["GET"]}}],"collection":[{"href":"https:\/\/primiciasclorinda.com\/index.php?rest_route=\/wp\/v2\/posts"}],"about":[{"href":"https:\/\/primiciasclorinda.com\/index.php?rest_route=\/wp\/v2\/types\/post"}],"author":[{"embeddable":true,"href":"https:\/\/primiciasclorinda.com\/index.php?rest_route=\/wp\/v2\/users\/3"}],"replies":[{"embeddable":true,"href":"https:\/\/primiciasclorinda.com\/index.php?rest_route=%2Fwp%2Fv2%2Fcomments&post=15056"}],"version-history":[{"count":1,"href":"https:\/\/primiciasclorinda.com\/index.php?rest_route=\/wp\/v2\/posts\/15056\/revisions"}],"predecessor-version":[{"id":15057,"href":"https:\/\/primiciasclorinda.com\/index.php?rest_route=\/wp\/v2\/posts\/15056\/revisions\/15057"}],"wp:featuredmedia":[{"embeddable":true,"href":"https:\/\/primiciasclorinda.com\/index.php?rest_route=\/wp\/v2\/media\/8911"}],"wp:attachment":[{"href":"https:\/\/primiciasclorinda.com\/index.php?rest_route=%2Fwp%2Fv2%2Fmedia&parent=15056"}],"wp:term":[{"taxonomy":"category","embeddable":true,"href":"https:\/\/primiciasclorinda.com\/index.php?rest_route=%2Fwp%2Fv2%2Fcategories&post=15056"},{"taxonomy":"post_tag","embeddable":true,"href":"https:\/\/primiciasclorinda.com\/index.php?rest_route=%2Fwp%2Fv2%2Ftags&post=15056"}],"curies":[{"name":"wp","href":"https:\/\/api.w.org\/{rel}","templated":true}]}}