{"id":15026,"date":"2019-08-09T18:13:58","date_gmt":"2019-08-09T21:13:58","guid":{"rendered":"http:\/\/primiciasclorinda.com\/?p=15026"},"modified":"2019-08-09T18:13:58","modified_gmt":"2019-08-09T21:13:58","slug":"lanzan-oficialmente-la-expo-rural-formosa-2019","status":"publish","type":"post","link":"https:\/\/primiciasclorinda.com\/?p=15026","title":{"rendered":"Lanzan oficialmente la Expo Rural Formosa 2019"},"content":{"rendered":"<p style=\"text-align: justify;\">El Jueves 15 de agosto, en una conferencia de prensa, se lanzar\u00e1 oficialmente la 75\u00b0 Edici\u00f3n de la Muestra Nacional Productiva, Agroindustrial, Empresarial -Expo Rural Formosa 2019- que organiza la Sociedad Rural de Formosa.<\/p>\n<p style=\"text-align: justify;\">La citada conferencia de prensa comenzar\u00e1 las 9,30 hs en la sede de la entidad que agrupa a los hombres de campo \u2013Polic\u00eda de TT.NN. 866 2do piso- y estar\u00e1 encabezada por el presidente de la SRF, Ing. Oscar Jure, representante del Ministerio de la Producci\u00f3n y Ambiente, el representante de la empresa que coordina el evento. \u2013CEO-, Ing. F\u00e9lix Ben\u00edtez y un representante de Ganadera Don Ra\u00fal SRL, a cargo de los remates de la muestra ganadera.<\/p>\n<p style=\"text-align: justify;\">El encontr\u00f3 del campo con la ciudad tendr\u00e1 lugar los d\u00edas 29, 30, 31 de agosto y 01 de septiembre, en las instalaciones del predio ferial de la S.R.F. De 9 horas a 22 horas con entrada libre y gratuita.<\/p>\n<p style=\"text-align: justify;\">Anticipadamente, la Sociedad Rural de Formosa esta con gran entusiasmo, ya que se encuentra en el tramo final de esta nueva propuesta para que el sector m\u00e1s importante de nuestra econ\u00f3mica, el productivo, genere espacios de vinculaci\u00f3n, relacionamiento y de negocios con los dem\u00e1s sectores de nuestra econom\u00eda.<\/p>\n<p style=\"text-align: justify;\">Es importante destacar, que la Expo Formosa, es el suceso productivo m\u00e1s significativo de la Regi\u00f3n. Donde adem\u00e1s de la categor\u00eda que tiene para este sector el remate, tanto de ganado mayor como de ganado menor. Donde tambi\u00e9n resalta la Jura de ambas categor\u00edas, y el acompa\u00f1amiento de las empresas vinculadas al sector agropecuario.<\/p>\n<p style=\"text-align: justify;\">Las empresas y emprendedores hoy tienen la posibilidad de mostrar sus productos y\/o servicios en un ambiente preparado e ideal para vincularse, desarrollar no solo nuevos clientes, sino nuevos proveedores. Generar alianzas estrat\u00e9gicas, y porque no, adquirir mayor conocimiento sobre lo que demanda hoy en d\u00eda el sector productivo de la provincia.<\/p>\n<p style=\"text-align: justify;\">Nuestras familias tienen un lugar ideal para conocer el potencial de todos los sectores privados y p\u00fablicos vinculados al sector. Como as\u00ed tambi\u00e9n, la posibilidad disfrutar del contacto con la naturaleza en el predio de la Sociedad Rural de Formosa.<\/p>\n<p style=\"text-align: justify;\">Como el a\u00f1o anterior la entrada ser\u00e1 libre y gratuita para todo el p\u00fablico. Y desde la organizaci\u00f3n aseguraron nuevamente un patio de comidas con platos totalmente regionales para deleite de grandes y peque\u00f1os. Como tambi\u00e9n, muchas sorpresas para esta nueva Edici\u00f3n.<\/p>\n","protected":false},"excerpt":{"rendered":"<div class=\"mh-excerpt\"><p>El Jueves 15 de agosto, en una conferencia de prensa, se lanzar\u00e1 oficialmente la 75\u00b0 Edici\u00f3n de la Muestra Nacional Productiva, Agroindustrial, Empresarial -Expo Rural <a class=\"mh-excerpt-more\" href=\"https:\/\/primiciasclorinda.com\/?p=15026\" title=\"Lanzan oficialmente la Expo Rural Formosa 2019\">[&#8230;]<\/a><\/p>\n<\/div>","protected":false},"author":3,"featured_media":15027,"comment_status":"open","ping_status":"open","sticky":false,"template":"","format":"standard","meta":{"footnotes":""},"categories":[3],"tags":[397,23],"class_list":["post-15026","post","type-post","status-publish","format-standard","has-post-thumbnail","hentry","category-politica-economia","tag-expo-rural","tag-formosa"],"_links":{"self":[{"href":"https:\/\/primiciasclorinda.com\/index.php?rest_route=\/wp\/v2\/posts\/15026","targetHints":{"allow":["GET"]}}],"collection":[{"href":"https:\/\/primiciasclorinda.com\/index.php?rest_route=\/wp\/v2\/posts"}],"about":[{"href":"https:\/\/primiciasclorinda.com\/index.php?rest_route=\/wp\/v2\/types\/post"}],"author":[{"embeddable":true,"href":"https:\/\/primiciasclorinda.com\/index.php?rest_route=\/wp\/v2\/users\/3"}],"replies":[{"embeddable":true,"href":"https:\/\/primiciasclorinda.com\/index.php?rest_route=%2Fwp%2Fv2%2Fcomments&post=15026"}],"version-history":[{"count":1,"href":"https:\/\/primiciasclorinda.com\/index.php?rest_route=\/wp\/v2\/posts\/15026\/revisions"}],"predecessor-version":[{"id":15028,"href":"https:\/\/primiciasclorinda.com\/index.php?rest_route=\/wp\/v2\/posts\/15026\/revisions\/15028"}],"wp:featuredmedia":[{"embeddable":true,"href":"https:\/\/primiciasclorinda.com\/index.php?rest_route=\/wp\/v2\/media\/15027"}],"wp:attachment":[{"href":"https:\/\/primiciasclorinda.com\/index.php?rest_route=%2Fwp%2Fv2%2Fmedia&parent=15026"}],"wp:term":[{"taxonomy":"category","embeddable":true,"href":"https:\/\/primiciasclorinda.com\/index.php?rest_route=%2Fwp%2Fv2%2Fcategories&post=15026"},{"taxonomy":"post_tag","embeddable":true,"href":"https:\/\/primiciasclorinda.com\/index.php?rest_route=%2Fwp%2Fv2%2Ftags&post=15026"}],"curies":[{"name":"wp","href":"https:\/\/api.w.org\/{rel}","templated":true}]}}