{"id":14804,"date":"2019-07-23T08:14:08","date_gmt":"2019-07-23T11:14:08","guid":{"rendered":"http:\/\/primiciasclorinda.com\/?p=14804"},"modified":"2019-07-23T08:14:08","modified_gmt":"2019-07-23T11:14:08","slug":"alberto-fernandez-los-votos-de-cristina-no-alcanzaban-hizo-falta-que-sumemos-a-todos-para-este-eventual-triunfo","status":"publish","type":"post","link":"https:\/\/primiciasclorinda.com\/?p=14804","title":{"rendered":"Alberto Fern\u00e1ndez: \u00abLos votos de Cristina no alcanzaban, hizo falta que sumemos a todos para este eventual triunfo\u00bb"},"content":{"rendered":"<p style=\"text-align: justify;\">El candidato del Frente de Todos ratific\u00f3 cu\u00e1les ser\u00e1n los roles de la f\u00f3rmula presidencial si gana las elecciones.<\/p>\n<p style=\"text-align: justify;\">\nEl candidato a presidente del Frente de Todos, Alberto Fern\u00e1ndez, ratific\u00f3 que de ganar ser\u00e1 \u00e9l quien gobierne y marc\u00f3 las diferencias con su compa\u00f1era de f\u00f3rmula en el armado electoral: \u00abLos votos de Cristina no alcanzaban, hizo falta que sumemos a todos para este eventual triunfo\u00bb.<\/p>\n<p style=\"text-align: justify;\">\u00abSi ganamos la relaci\u00f3n con Cristina va a ser tan buena como la de hoy\u00bb, declar\u00f3 Fern\u00e1ndez en di\u00e1logo con TN y analiz\u00f3 que \u00abla Argentina no soporta m\u00e1s la contradicci\u00f3n que ha vivido en estos a\u00f1os, de la cual fui v\u00edctima. La Argentina no soporta m\u00e1s la divisi\u00f3n que naci\u00f3 en \u00e9poca de Cristina pero nadie explot\u00f3 tanto como el macrismo\u00bb. \u00abEstoy harto de soportar el juego de los trolls del Gobierno\u00bb, critic\u00f3 y agreg\u00f3 que \u00abMacri es parte del pasado\u00bb.<\/p>\n<p style=\"text-align: justify;\">Con respecto al interrogante de qui\u00e9n gobernar\u00eda en un posible retorno del kirchnerismo, Fern\u00e1ndez manifest\u00f3: \u00abYo voy a ser el Presidente, la pol\u00edtica me exige terminar con este presente\u00bb. Sobre el rol de CFK en el armado electoral aclar\u00f3: \u00abLos votos de Cristina no alcanzaban, hizo falta que sumemos a todos para este eventual triunfo\u00bb.<\/p>\n<p style=\"text-align: justify;\">\u00abMi referencia es el presente, no Cristina\u00bb, dijo y agreg\u00f3 que \u00abhar\u00eda muchas cosas distintas\u00bb con respecto al gobierno K que dej\u00f3 \u00abtres problemas: cepo, inflaci\u00f3n y d\u00e9ficit fiscal. Todo va a ser distinto, no voy a ir a un cepo, que critiqu\u00e9. Fue una salida inconsistente, evit\u00f3 la salida de d\u00f3lares pero tambi\u00e9n la entrada\u00bb, evalu\u00f3.<\/p>\n<p style=\"text-align: justify;\">\u00abQuisiera que el sistema judicial argentino funcione de otro modo\u00bb, expres\u00f3 y critic\u00f3 que Julio De Vido y Cristobal L\u00f3pez est\u00e9n presos: \u00abHay gente que lleva a\u00f1os detenida sin sentencias definitivas. Las investigaciones deben hacerse con las personas en libertad\u00bb. \u00abNo defiendo gente, defiendo el estado de derecho\u00bb, aclar\u00f3.<\/p>\n<p style=\"text-align: justify;\">De todos modos resalt\u00f3: \u00abNo voy a hacer nada con la Corte Suprema, tiene cinco jueces dignos\u00bb. Pero volvi\u00f3 a apuntar a la Justicia federal: \u00abEl Gobierno de Macri llen\u00f3 la C\u00e1mara de jueces amigos. Bonadio es un enemigo declarado de Cristina\u00bb.<\/p>\n<p style=\"text-align: justify;\">Con respecto a la relaci\u00f3n con el Fondo Monetario Internacional declar\u00f3 que \u00abva a ser la misma que tuvimos en el 2004. Saben mejor que nadie que la Argentina no va a poder pagar por las condiciones que deja Macri\u00bb.<\/p>\n<p style=\"text-align: justify;\">En cuanto a la pol\u00edtica exterior, Fern\u00e1ndez se mostr\u00f3 cr\u00edtico de Nicol\u00e1s Maduro: \u00abTiene un sesgo autoritario que ha generado un enorme problema institucional y humanitario\u00bb. Y expres\u00f3 que con Estados Unidos \u00abhay que convivir y respetarse\u00bb.<\/p>\n","protected":false},"excerpt":{"rendered":"<div class=\"mh-excerpt\"><p>El candidato del Frente de Todos ratific\u00f3 cu\u00e1les ser\u00e1n los roles de la f\u00f3rmula presidencial si gana las elecciones. El candidato a presidente del Frente <a class=\"mh-excerpt-more\" href=\"https:\/\/primiciasclorinda.com\/?p=14804\" title=\"Alberto Fern\u00e1ndez: \u00abLos votos de Cristina no alcanzaban, hizo falta que sumemos a todos para este eventual triunfo\u00bb\">[&#8230;]<\/a><\/p>\n<\/div>","protected":false},"author":3,"featured_media":14105,"comment_status":"open","ping_status":"open","sticky":false,"template":"","format":"standard","meta":{"footnotes":""},"categories":[3],"tags":[2467,2092],"class_list":["post-14804","post","type-post","status-publish","format-standard","has-post-thumbnail","hentry","category-politica-economia","tag-alberto-fernandez","tag-elecciones-2019"],"_links":{"self":[{"href":"https:\/\/primiciasclorinda.com\/index.php?rest_route=\/wp\/v2\/posts\/14804","targetHints":{"allow":["GET"]}}],"collection":[{"href":"https:\/\/primiciasclorinda.com\/index.php?rest_route=\/wp\/v2\/posts"}],"about":[{"href":"https:\/\/primiciasclorinda.com\/index.php?rest_route=\/wp\/v2\/types\/post"}],"author":[{"embeddable":true,"href":"https:\/\/primiciasclorinda.com\/index.php?rest_route=\/wp\/v2\/users\/3"}],"replies":[{"embeddable":true,"href":"https:\/\/primiciasclorinda.com\/index.php?rest_route=%2Fwp%2Fv2%2Fcomments&post=14804"}],"version-history":[{"count":1,"href":"https:\/\/primiciasclorinda.com\/index.php?rest_route=\/wp\/v2\/posts\/14804\/revisions"}],"predecessor-version":[{"id":14805,"href":"https:\/\/primiciasclorinda.com\/index.php?rest_route=\/wp\/v2\/posts\/14804\/revisions\/14805"}],"wp:featuredmedia":[{"embeddable":true,"href":"https:\/\/primiciasclorinda.com\/index.php?rest_route=\/wp\/v2\/media\/14105"}],"wp:attachment":[{"href":"https:\/\/primiciasclorinda.com\/index.php?rest_route=%2Fwp%2Fv2%2Fmedia&parent=14804"}],"wp:term":[{"taxonomy":"category","embeddable":true,"href":"https:\/\/primiciasclorinda.com\/index.php?rest_route=%2Fwp%2Fv2%2Fcategories&post=14804"},{"taxonomy":"post_tag","embeddable":true,"href":"https:\/\/primiciasclorinda.com\/index.php?rest_route=%2Fwp%2Fv2%2Ftags&post=14804"}],"curies":[{"name":"wp","href":"https:\/\/api.w.org\/{rel}","templated":true}]}}