{"id":14801,"date":"2019-07-23T08:10:43","date_gmt":"2019-07-23T11:10:43","guid":{"rendered":"http:\/\/primiciasclorinda.com\/?p=14801"},"modified":"2019-07-23T08:11:42","modified_gmt":"2019-07-23T11:11:42","slug":"proclamaran-a-candidatos-electos-en-las-elecciones-provinciales","status":"publish","type":"post","link":"https:\/\/primiciasclorinda.com\/?p=14801","title":{"rendered":"Proclamar\u00e1n a candidatos electos en las elecciones provinciales"},"content":{"rendered":"<p style=\"text-align: justify;\">El 1\u00b0 de agosto pr\u00f3ximo, el Tribunal Electoral Permanente (TEP) proclamar\u00e1 a los candidatos que fueron elegidos en las elecciones provinciales y municipales del 16 de junio pasado.<\/p>\n<p style=\"text-align: justify;\">As\u00ed lo confirm\u00f3 la doctora Sandra Moreno, presidenta del TEP, quien consign\u00f3: \u00abEstamos organizando para el 1\u00b0 de agosto el acto de proclamaci\u00f3n de las autoridades electas, que son gobernador y vicegobernador, 27 intendentes, 10 presidentes de Comisiones de Fomento, 15 diputados titulares y los concejales de los distintos Municipios\u00bb.<\/p>\n<p style=\"text-align: justify;\">Seg\u00fan indic\u00f3, el lugar ser\u00eda el Galp\u00f3n \u00abG\u00bb del Paseo Costanero capitalino, lo cual se estar\u00eda confirmando en el transcurso de esta semana, al igual que el horario.<\/p>\n<p style=\"text-align: justify;\">Por otra parte, al referirse a las venideras Primarias, Abiertas, Simult\u00e1neas y Obligatorias (PASO) previstas para el 11 de agosto en todo el pa\u00eds, se\u00f1al\u00f3 que \u00abtiene competencia el Juzgado Federal, quien verifica y controla el proceso electoral en la \u00faltima etapa, el d\u00eda de las elecciones\u00bb.<\/p>\n<p style=\"text-align: justify;\">No obstante, dijo que \u00absi bien el TEP no tiene competencia directa, hemos firmado un convenio de colaboraci\u00f3n con el juez, el doctor Fernando Carbajal, y en base a esto hace unos d\u00edas que han ingresado al SUM de la Escuela 66 para trabajar con todo el material electoral, el armado de urnas y las otras tareas que se van a ir desarrollando. All\u00ed tambi\u00e9n van a hacer el escrutinio definitivo y el despliegue y repliegue de las urnas\u00bb.<\/p>\n<p style=\"text-align: justify;\">Precis\u00f3 que en este caso, \u00abel Comando Electoral est\u00e1 conformado por el jefe del Regimiento, el comandante Gabriel De Senzi, sin perjuicio que por ejemplo la Polic\u00eda de la Provincia, Prefectura y Gendarmer\u00eda tambi\u00e9n integran el Comando Electoral\u00bb.<\/p>\n<p style=\"text-align: justify;\">Campa\u00f1a electoral<\/p>\n<p style=\"text-align: justify;\">En ese sentido, la titular del TEP subray\u00f3 que \u00abdesde el 12 de julio est\u00e1 habilitada la campa\u00f1a electoral y nos hemos dado cuenta porque est\u00e1n en todos los medios de comunicaci\u00f3n los diferentes candidatos para la Rep\u00fablica y el distrito Formosa\u00bb.<\/p>\n<p style=\"text-align: justify;\">\u00abEl padr\u00f3n ha crecido en relaci\u00f3n al que utilizamos el 16 de junio, en las elecciones provinciales -confirm\u00f3-. Fuimos con un padr\u00f3n de 453 mil electores y hubo much\u00edsimos reclamos porque de acuerdo a nuestro crecimiento poblacional ten\u00edamos que ser el n\u00famero que actualmente es: 457.106 electores\u00bb, apuntando que \u00abha sido incorporada la totalidad de los j\u00f3venes y se han rectificado todos los reclamos que hab\u00edamos recibido nosotros y la C\u00e1mara Nacional Electoral en su p\u00e1gina web\u00bb.<\/p>\n<p style=\"text-align: justify;\">Marc\u00f3 que \u00abesto ha hecho que haya crecido tambi\u00e9n la cantidad de mesas: ahora son 1404 mesas y, trabajando con el Ministerio de Educaci\u00f3n, tambi\u00e9n se habilitaron escuelas y centros de votaci\u00f3n. Son 239 en total, es decir, un poco m\u00e1s que las elecciones provinciales, por lo tanto aconsejo a la ciudadan\u00eda revisar el padr\u00f3n en www.padron.gob.ar y verificar lugar donde van a votar\u00bb.<\/p>\n","protected":false},"excerpt":{"rendered":"<div class=\"mh-excerpt\"><p>El 1\u00b0 de agosto pr\u00f3ximo, el Tribunal Electoral Permanente (TEP) proclamar\u00e1 a los candidatos que fueron elegidos en las elecciones provinciales y municipales del 16 <a class=\"mh-excerpt-more\" href=\"https:\/\/primiciasclorinda.com\/?p=14801\" title=\"Proclamar\u00e1n a candidatos electos en las elecciones provinciales\">[&#8230;]<\/a><\/p>\n<\/div>","protected":false},"author":3,"featured_media":14102,"comment_status":"open","ping_status":"open","sticky":false,"template":"","format":"standard","meta":{"footnotes":""},"categories":[3],"tags":[18],"class_list":["post-14801","post","type-post","status-publish","format-standard","has-post-thumbnail","hentry","category-politica-economia","tag-gildo-insfran"],"_links":{"self":[{"href":"https:\/\/primiciasclorinda.com\/index.php?rest_route=\/wp\/v2\/posts\/14801","targetHints":{"allow":["GET"]}}],"collection":[{"href":"https:\/\/primiciasclorinda.com\/index.php?rest_route=\/wp\/v2\/posts"}],"about":[{"href":"https:\/\/primiciasclorinda.com\/index.php?rest_route=\/wp\/v2\/types\/post"}],"author":[{"embeddable":true,"href":"https:\/\/primiciasclorinda.com\/index.php?rest_route=\/wp\/v2\/users\/3"}],"replies":[{"embeddable":true,"href":"https:\/\/primiciasclorinda.com\/index.php?rest_route=%2Fwp%2Fv2%2Fcomments&post=14801"}],"version-history":[{"count":1,"href":"https:\/\/primiciasclorinda.com\/index.php?rest_route=\/wp\/v2\/posts\/14801\/revisions"}],"predecessor-version":[{"id":14802,"href":"https:\/\/primiciasclorinda.com\/index.php?rest_route=\/wp\/v2\/posts\/14801\/revisions\/14802"}],"wp:featuredmedia":[{"embeddable":true,"href":"https:\/\/primiciasclorinda.com\/index.php?rest_route=\/wp\/v2\/media\/14102"}],"wp:attachment":[{"href":"https:\/\/primiciasclorinda.com\/index.php?rest_route=%2Fwp%2Fv2%2Fmedia&parent=14801"}],"wp:term":[{"taxonomy":"category","embeddable":true,"href":"https:\/\/primiciasclorinda.com\/index.php?rest_route=%2Fwp%2Fv2%2Fcategories&post=14801"},{"taxonomy":"post_tag","embeddable":true,"href":"https:\/\/primiciasclorinda.com\/index.php?rest_route=%2Fwp%2Fv2%2Ftags&post=14801"}],"curies":[{"name":"wp","href":"https:\/\/api.w.org\/{rel}","templated":true}]}}