{"id":14599,"date":"2019-07-06T19:24:21","date_gmt":"2019-07-06T22:24:21","guid":{"rendered":"http:\/\/primiciasclorinda.com\/?p=14599"},"modified":"2019-07-07T20:06:36","modified_gmt":"2019-07-07T23:06:36","slug":"ola-de-frio-asisten-con-frazadas-cafe-y-colchones-a-personas-en-situacion-de-calle-durante-las-noches","status":"publish","type":"post","link":"https:\/\/primiciasclorinda.com\/?p=14599","title":{"rendered":"Ola de fr\u00edo, asisten con frazadas, caf\u00e9 y colchones a personas en situaci\u00f3n de calle durante las noches"},"content":{"rendered":"<p style=\"text-align: justify;\">La iniciativa corresponde al Municipio de Clorinda y a la Polic\u00eda provincial por separado. La fuerza ofreci\u00f3 resguardar a personas en una sala habilitada, pero \u00e9stas se negaron.<\/p>\n<p style=\"text-align: justify;\">En la madrugada de este s\u00e1bado, personal policial a bordo de un m\u00f3vil asisti\u00f3 a personas en situaci\u00f3n de calle, en el marco de pol\u00edticas de seguridad ciudadana y prevenci\u00f3n, teniendo en cuenta las bajas temperaturas registradas en los \u00faltimos d\u00edas.<\/p>\n<p style=\"text-align: justify;\">Los efectivos asistieron a un hombre que pernoctaba en avenida San Mart\u00edn casi calle Paraguay, y a dos personas m\u00e1s que tambi\u00e9n se encontraban en esa zona de la pasarela.<\/p>\n<p style=\"text-align: justify;\">La fuerza, adem\u00e1s, los invit\u00f3 a llevarlos hasta una sala habilitada exclusivamente para que ellos duerman y se resguarden del intenso fr\u00edo, pero se negaron rotundamente. Dijeron que permanecen en ese lugar porque se desempe\u00f1an como serenos. A la ma\u00f1ana, cuando vienen los propietarios de las casillas, les dan dinero por haber cuidado el lugar. Entonces el personal policial les provey\u00f3 de colchones, frazadas para abrigarse y les brindaron caf\u00e9 caliente para soportar el fr\u00edo.<\/p>\n","protected":false},"excerpt":{"rendered":"<div class=\"mh-excerpt\"><p>La iniciativa corresponde al Municipio de Clorinda y a la Polic\u00eda provincial por separado. La fuerza ofreci\u00f3 resguardar a personas en una sala habilitada, pero <a class=\"mh-excerpt-more\" href=\"https:\/\/primiciasclorinda.com\/?p=14599\" title=\"Ola de fr\u00edo, asisten con frazadas, caf\u00e9 y colchones a personas en situaci\u00f3n de calle durante las noches\">[&#8230;]<\/a><\/p>\n<\/div>","protected":false},"author":3,"featured_media":14600,"comment_status":"open","ping_status":"open","sticky":false,"template":"","format":"standard","meta":{"footnotes":""},"categories":[4],"tags":[26],"class_list":["post-14599","post","type-post","status-publish","format-standard","has-post-thumbnail","hentry","category-informacion-general","tag-clorinda"],"_links":{"self":[{"href":"https:\/\/primiciasclorinda.com\/index.php?rest_route=\/wp\/v2\/posts\/14599","targetHints":{"allow":["GET"]}}],"collection":[{"href":"https:\/\/primiciasclorinda.com\/index.php?rest_route=\/wp\/v2\/posts"}],"about":[{"href":"https:\/\/primiciasclorinda.com\/index.php?rest_route=\/wp\/v2\/types\/post"}],"author":[{"embeddable":true,"href":"https:\/\/primiciasclorinda.com\/index.php?rest_route=\/wp\/v2\/users\/3"}],"replies":[{"embeddable":true,"href":"https:\/\/primiciasclorinda.com\/index.php?rest_route=%2Fwp%2Fv2%2Fcomments&post=14599"}],"version-history":[{"count":1,"href":"https:\/\/primiciasclorinda.com\/index.php?rest_route=\/wp\/v2\/posts\/14599\/revisions"}],"predecessor-version":[{"id":14601,"href":"https:\/\/primiciasclorinda.com\/index.php?rest_route=\/wp\/v2\/posts\/14599\/revisions\/14601"}],"wp:featuredmedia":[{"embeddable":true,"href":"https:\/\/primiciasclorinda.com\/index.php?rest_route=\/wp\/v2\/media\/14600"}],"wp:attachment":[{"href":"https:\/\/primiciasclorinda.com\/index.php?rest_route=%2Fwp%2Fv2%2Fmedia&parent=14599"}],"wp:term":[{"taxonomy":"category","embeddable":true,"href":"https:\/\/primiciasclorinda.com\/index.php?rest_route=%2Fwp%2Fv2%2Fcategories&post=14599"},{"taxonomy":"post_tag","embeddable":true,"href":"https:\/\/primiciasclorinda.com\/index.php?rest_route=%2Fwp%2Fv2%2Ftags&post=14599"}],"curies":[{"name":"wp","href":"https:\/\/api.w.org\/{rel}","templated":true}]}}