{"id":14393,"date":"2019-06-12T16:55:31","date_gmt":"2019-06-12T19:55:31","guid":{"rendered":"http:\/\/primiciasclorinda.com\/?p=14393"},"modified":"2019-06-12T16:55:31","modified_gmt":"2019-06-12T19:55:31","slug":"mayans-afirmo-que-pichetto-era-in-infiltrado-de-macri-en-el-bloque-opositor-en-el-senado","status":"publish","type":"post","link":"https:\/\/primiciasclorinda.com\/?p=14393","title":{"rendered":"Mayans afirm\u00f3 que Pichetto era in infiltrado de Macri en el bloque opositor en el Senado"},"content":{"rendered":"<p style=\"text-align: justify;\">El senador nacional Jos\u00e9 Mayans objet\u00f3 de lleno contra la candidatura de Jos\u00e9 Pichetto acompa\u00f1ando a Mauricio Macri en la f\u00f3rmula de Cambiemos para las elecciones presidenciales de octubre.<\/p>\n<p style=\"text-align: justify;\">Diferenci\u00f3 el proyecto nacional y popular que propone el Justicialismo, al de Macri, afirmando que \u00e9ste \u00faltimo es miseria, pobreza y endeudamiento que ha hecho un da\u00f1o al pa\u00eds tremendo con una visi\u00f3n unitaria y aplicaciones para destruir a la Argentina.<\/p>\n<p style=\"text-align: justify;\">Alert\u00f3 que desde el 2017 Pichetto trabaj\u00f3 por la separaci\u00f3n del bloque. \u201cUno se da cuenta y era un infiltrado de Cambiemos, siendo Presidente de la bancada opositora con las mentiras que ha llevado el jefe de gabinete con las obras que no hicieron\u201d.<\/p>\n","protected":false},"excerpt":{"rendered":"<div class=\"mh-excerpt\"><p>El senador nacional Jos\u00e9 Mayans objet\u00f3 de lleno contra la candidatura de Jos\u00e9 Pichetto acompa\u00f1ando a Mauricio Macri en la f\u00f3rmula de Cambiemos para las <a class=\"mh-excerpt-more\" href=\"https:\/\/primiciasclorinda.com\/?p=14393\" title=\"Mayans afirm\u00f3 que Pichetto era in infiltrado de Macri en el bloque opositor en el Senado\">[&#8230;]<\/a><\/p>\n<\/div>","protected":false},"author":3,"featured_media":14394,"comment_status":"open","ping_status":"open","sticky":false,"template":"","format":"standard","meta":{"footnotes":""},"categories":[3],"tags":[26,2092,434,1585,2495],"class_list":["post-14393","post","type-post","status-publish","format-standard","has-post-thumbnail","hentry","category-politica-economia","tag-clorinda","tag-elecciones-2019","tag-jose-mayans","tag-macri","tag-pichetto"],"_links":{"self":[{"href":"https:\/\/primiciasclorinda.com\/index.php?rest_route=\/wp\/v2\/posts\/14393","targetHints":{"allow":["GET"]}}],"collection":[{"href":"https:\/\/primiciasclorinda.com\/index.php?rest_route=\/wp\/v2\/posts"}],"about":[{"href":"https:\/\/primiciasclorinda.com\/index.php?rest_route=\/wp\/v2\/types\/post"}],"author":[{"embeddable":true,"href":"https:\/\/primiciasclorinda.com\/index.php?rest_route=\/wp\/v2\/users\/3"}],"replies":[{"embeddable":true,"href":"https:\/\/primiciasclorinda.com\/index.php?rest_route=%2Fwp%2Fv2%2Fcomments&post=14393"}],"version-history":[{"count":1,"href":"https:\/\/primiciasclorinda.com\/index.php?rest_route=\/wp\/v2\/posts\/14393\/revisions"}],"predecessor-version":[{"id":14395,"href":"https:\/\/primiciasclorinda.com\/index.php?rest_route=\/wp\/v2\/posts\/14393\/revisions\/14395"}],"wp:featuredmedia":[{"embeddable":true,"href":"https:\/\/primiciasclorinda.com\/index.php?rest_route=\/wp\/v2\/media\/14394"}],"wp:attachment":[{"href":"https:\/\/primiciasclorinda.com\/index.php?rest_route=%2Fwp%2Fv2%2Fmedia&parent=14393"}],"wp:term":[{"taxonomy":"category","embeddable":true,"href":"https:\/\/primiciasclorinda.com\/index.php?rest_route=%2Fwp%2Fv2%2Fcategories&post=14393"},{"taxonomy":"post_tag","embeddable":true,"href":"https:\/\/primiciasclorinda.com\/index.php?rest_route=%2Fwp%2Fv2%2Ftags&post=14393"}],"curies":[{"name":"wp","href":"https:\/\/api.w.org\/{rel}","templated":true}]}}