{"id":14032,"date":"2019-05-08T07:26:01","date_gmt":"2019-05-08T10:26:01","guid":{"rendered":"http:\/\/primiciasclorinda.com\/?p=14032"},"modified":"2019-05-08T07:26:01","modified_gmt":"2019-05-08T10:26:01","slug":"ivan-kaluk-acompanaria-a-adrian-bogado-en-la-formula-del-nuevo-frente-para-el-16-de-junio","status":"publish","type":"post","link":"https:\/\/primiciasclorinda.com\/?p=14032","title":{"rendered":"Iv\u00e1n Kaluk acompa\u00f1ar\u00eda a Adri\u00e1n Bogado en la f\u00f3rmula del Nuevo Frente para el 16 de junio"},"content":{"rendered":"<p style=\"text-align: justify;\">Desde la UCR a\u00fan no lo confirmaron, pero el delegado del PAMI ser\u00eda el candidato a vicegobernador. Esta tarde se har\u00e1 el anuncio oficial y se inscribir\u00e1 el binomio ante el Tribunal Electoral Permanente.<\/p>\n<p style=\"text-align: justify;\">El exconcejal de El Colorado y actual administrador de la delegaci\u00f3n local del PAMI, Iv\u00e1n Kaluk, ser\u00eda el elegido por el radicalismo para ser el candidato a vicegobernador en la f\u00f3rmula del Nuevo Frente para las elecciones del 16 de junio pr\u00f3ximo, que tendr\u00e1 como postulante a gobernador al diputado provincial Adri\u00e1n Bogado.<\/p>\n<p style=\"text-align: justify;\">Si bien fuentes de la UCR aseguraron que la candidatura a\u00fan no estaba confirmada y que Kaluk era \u201cuno de los precandidatos\u201d, esto podr\u00e1 dilucidarse esta tarde, cuando se realice el anuncio oficial de la f\u00f3rmula, con la presencia de las principales autoridades del radicalismo y de los dem\u00e1s partidos que integran la alianza Nuevo Frente.<\/p>\n<p style=\"text-align: justify;\">Si bien el plazo otorgado el s\u00e1bado por la Convenci\u00f3n del Radicalismo para consensuar la f\u00f3rmula finalizaba el mi\u00e9rcoles 8, el principio de acuerdo ya se hab\u00eda alcanzado el lunes en el transcurso de varias reuniones que culminaron en una cena con la presencia de referentes del radicalismo y de los dos integrantes de la f\u00f3rmula del Nuevo Frente.<\/p>\n<p style=\"text-align: justify;\"><strong>Acuerdo<\/strong><br \/>\nLos concejales radicales Miguel Montoya y Rub\u00e9n Rodr\u00edguez, y el referente del MID, Manuel B\u00e1sques hab\u00edan sido designados y autorizados por sus respectivos movimientos pol\u00edticos para alcanzar un acuerdo en la integraci\u00f3n de la f\u00f3rmula de gobernador y vice que oficialmente se dar\u00e1 a conocer hoy mi\u00e9rcoles.<\/p>\n<p style=\"text-align: justify;\">Fuente: La Ma\u00f1ana.<\/p>\n","protected":false},"excerpt":{"rendered":"<div class=\"mh-excerpt\"><p>Desde la UCR a\u00fan no lo confirmaron, pero el delegado del PAMI ser\u00eda el candidato a vicegobernador. Esta tarde se har\u00e1 el anuncio oficial y <a class=\"mh-excerpt-more\" href=\"https:\/\/primiciasclorinda.com\/?p=14032\" title=\"Iv\u00e1n Kaluk acompa\u00f1ar\u00eda a Adri\u00e1n Bogado en la f\u00f3rmula del Nuevo Frente para el 16 de junio\">[&#8230;]<\/a><\/p>\n<\/div>","protected":false},"author":3,"featured_media":14033,"comment_status":"open","ping_status":"open","sticky":false,"template":"","format":"standard","meta":{"footnotes":""},"categories":[3],"tags":[2228,2459],"class_list":["post-14032","post","type-post","status-publish","format-standard","has-post-thumbnail","hentry","category-politica-economia","tag-adrian-bogado","tag-ivan-kaluk"],"_links":{"self":[{"href":"https:\/\/primiciasclorinda.com\/index.php?rest_route=\/wp\/v2\/posts\/14032","targetHints":{"allow":["GET"]}}],"collection":[{"href":"https:\/\/primiciasclorinda.com\/index.php?rest_route=\/wp\/v2\/posts"}],"about":[{"href":"https:\/\/primiciasclorinda.com\/index.php?rest_route=\/wp\/v2\/types\/post"}],"author":[{"embeddable":true,"href":"https:\/\/primiciasclorinda.com\/index.php?rest_route=\/wp\/v2\/users\/3"}],"replies":[{"embeddable":true,"href":"https:\/\/primiciasclorinda.com\/index.php?rest_route=%2Fwp%2Fv2%2Fcomments&post=14032"}],"version-history":[{"count":1,"href":"https:\/\/primiciasclorinda.com\/index.php?rest_route=\/wp\/v2\/posts\/14032\/revisions"}],"predecessor-version":[{"id":14034,"href":"https:\/\/primiciasclorinda.com\/index.php?rest_route=\/wp\/v2\/posts\/14032\/revisions\/14034"}],"wp:featuredmedia":[{"embeddable":true,"href":"https:\/\/primiciasclorinda.com\/index.php?rest_route=\/wp\/v2\/media\/14033"}],"wp:attachment":[{"href":"https:\/\/primiciasclorinda.com\/index.php?rest_route=%2Fwp%2Fv2%2Fmedia&parent=14032"}],"wp:term":[{"taxonomy":"category","embeddable":true,"href":"https:\/\/primiciasclorinda.com\/index.php?rest_route=%2Fwp%2Fv2%2Fcategories&post=14032"},{"taxonomy":"post_tag","embeddable":true,"href":"https:\/\/primiciasclorinda.com\/index.php?rest_route=%2Fwp%2Fv2%2Ftags&post=14032"}],"curies":[{"name":"wp","href":"https:\/\/api.w.org\/{rel}","templated":true}]}}