{"id":137924,"date":"2026-04-28T09:33:25","date_gmt":"2026-04-28T12:33:25","guid":{"rendered":"https:\/\/primiciasclorinda.com\/?p=137924"},"modified":"2026-04-28T09:33:26","modified_gmt":"2026-04-28T12:33:26","slug":"clorinda-el-polideportivo-municipal-sera-el-escenario-del-gran-festejo-por-el-dia-del-trabajador","status":"publish","type":"post","link":"https:\/\/primiciasclorinda.com\/?p=137924","title":{"rendered":"Clorinda. El Polideportivo Municipal ser\u00e1 el escenario del gran festejo por el d\u00eda del trabajador"},"content":{"rendered":"\n<p><strong>Este jueves 30 de abril en el Polideportivo Municipal ser\u00e1 el lugar de encuentro para recibir todos juntos el d\u00eda del trabajador, la Municipalidad de Clorinda est\u00e1 preparando una gran celebraci\u00f3n a pura m\u00fasica y m\u00faltiples atractivos, el Secretario de Gobierno, Contador Marcelo Fern\u00e1ndez inform\u00f3 que est\u00e1n en los detalles finales de la organizaci\u00f3n de lo que ser\u00e1 esta actividad totalmente gratuita para que el p\u00fablico pueda acercarse a disfrutar de una velada especial.<\/strong><\/p>\n\n\n\n<p><strong>Como suele suceder, en eventos organizados por el municipio, se busca darles su lugar a los artistas locales, y en esta ocasi\u00f3n ser\u00e1n los grandes responsables de compartir todo su talento. En la grilla est\u00e1n Maily Gonz\u00e1lez; Mixtura, Los Vuelteros, Serenateros, los Audaces y desde la capital estar\u00e1 sum\u00e1ndose la gente de Ensamble Cultural Formosa.<\/strong><\/p>\n\n\n\n<figure class=\"wp-block-image size-large is-resized\"><img loading=\"lazy\" decoding=\"async\" width=\"600\" height=\"126\" src=\"http:\/\/primiciasclorinda.com\/wp-content\/uploads\/2026\/04\/hipergasdeconfianza-5-600x126.jpg\" alt=\"\" class=\"wp-image-133122\" style=\"width:840px;height:auto\" srcset=\"https:\/\/primiciasclorinda.com\/wp-content\/uploads\/2026\/04\/hipergasdeconfianza-5-600x126.jpg 600w, https:\/\/primiciasclorinda.com\/wp-content\/uploads\/2026\/04\/hipergasdeconfianza-5-300x63.jpg 300w, https:\/\/primiciasclorinda.com\/wp-content\/uploads\/2026\/04\/hipergasdeconfianza-5-768x162.jpg 768w, https:\/\/primiciasclorinda.com\/wp-content\/uploads\/2026\/04\/hipergasdeconfianza-5.jpg 950w\" sizes=\"auto, (max-width: 600px) 100vw, 600px\" \/><\/figure>\n\n\n\n<p><strong>El espect\u00e1culo se iniciar\u00e1 a las 21 hs, habr\u00e1 sillas dispuestas en el play\u00f3n central, pero de igual forma la gente puede acercarse con sus sillones y reposeras, conservadoras y comodidades. En un evento de estas caracter\u00edsticas no pueden faltar los sectores gastron\u00f3micos con comidas y bebidas, artesanos, patio de juegos y \u00e1reas comunales para acompa\u00f1ar en esta celebraci\u00f3n.<\/strong><\/p>\n\n\n\n<p><strong>Desde el municipio agradecieron el total respaldo del gobierno provincial para el desarrollo de esta actividad que hace mucho tiempo no se llevaba a cabo y que permite que la comunidad en general pueda reunirse a disfrutar de diferentes estilos musicales de forma gratuita para pasar una hermosa noche y recibir a lo grande el d\u00eda del trabajador.<\/strong><\/p>\n\n\n<figure class=\"wp-block-post-featured-image\"><img loading=\"lazy\" decoding=\"async\" width=\"950\" height=\"600\" src=\"https:\/\/primiciasclorinda.com\/wp-content\/uploads\/2026\/04\/festejostrabajador-11.jpg\" class=\"attachment-post-thumbnail size-post-thumbnail wp-post-image\" alt=\"\" style=\"object-fit:cover;\" srcset=\"https:\/\/primiciasclorinda.com\/wp-content\/uploads\/2026\/04\/festejostrabajador-11.jpg 950w, https:\/\/primiciasclorinda.com\/wp-content\/uploads\/2026\/04\/festejostrabajador-11-300x189.jpg 300w, https:\/\/primiciasclorinda.com\/wp-content\/uploads\/2026\/04\/festejostrabajador-11-475x300.jpg 475w, https:\/\/primiciasclorinda.com\/wp-content\/uploads\/2026\/04\/festejostrabajador-11-768x485.jpg 768w\" sizes=\"auto, (max-width: 950px) 100vw, 950px\" \/><\/figure>","protected":false},"excerpt":{"rendered":"<div class=\"mh-excerpt\"><p>Este jueves 30 de abril en el Polideportivo Municipal ser\u00e1 el lugar de encuentro para recibir todos juntos el d\u00eda del trabajador, la Municipalidad de <a class=\"mh-excerpt-more\" href=\"https:\/\/primiciasclorinda.com\/?p=137924\" title=\"Clorinda. El Polideportivo Municipal ser\u00e1 el escenario del gran festejo por el d\u00eda del trabajador\">[&#8230;]<\/a><\/p>\n<\/div>","protected":false},"author":3,"featured_media":137919,"comment_status":"open","ping_status":"open","sticky":false,"template":"","format":"standard","meta":{"footnotes":""},"categories":[5431,6],"tags":[26,7190,7189],"class_list":["post-137924","post","type-post","status-publish","format-standard","has-post-thumbnail","hentry","category-clorinda","category-cultura","tag-clorinda","tag-festejo-dia-del-trabajador","tag-polideportivo-municiapl"],"_links":{"self":[{"href":"https:\/\/primiciasclorinda.com\/index.php?rest_route=\/wp\/v2\/posts\/137924","targetHints":{"allow":["GET"]}}],"collection":[{"href":"https:\/\/primiciasclorinda.com\/index.php?rest_route=\/wp\/v2\/posts"}],"about":[{"href":"https:\/\/primiciasclorinda.com\/index.php?rest_route=\/wp\/v2\/types\/post"}],"author":[{"embeddable":true,"href":"https:\/\/primiciasclorinda.com\/index.php?rest_route=\/wp\/v2\/users\/3"}],"replies":[{"embeddable":true,"href":"https:\/\/primiciasclorinda.com\/index.php?rest_route=%2Fwp%2Fv2%2Fcomments&post=137924"}],"version-history":[{"count":1,"href":"https:\/\/primiciasclorinda.com\/index.php?rest_route=\/wp\/v2\/posts\/137924\/revisions"}],"predecessor-version":[{"id":137925,"href":"https:\/\/primiciasclorinda.com\/index.php?rest_route=\/wp\/v2\/posts\/137924\/revisions\/137925"}],"wp:featuredmedia":[{"embeddable":true,"href":"https:\/\/primiciasclorinda.com\/index.php?rest_route=\/wp\/v2\/media\/137919"}],"wp:attachment":[{"href":"https:\/\/primiciasclorinda.com\/index.php?rest_route=%2Fwp%2Fv2%2Fmedia&parent=137924"}],"wp:term":[{"taxonomy":"category","embeddable":true,"href":"https:\/\/primiciasclorinda.com\/index.php?rest_route=%2Fwp%2Fv2%2Fcategories&post=137924"},{"taxonomy":"post_tag","embeddable":true,"href":"https:\/\/primiciasclorinda.com\/index.php?rest_route=%2Fwp%2Fv2%2Ftags&post=137924"}],"curies":[{"name":"wp","href":"https:\/\/api.w.org\/{rel}","templated":true}]}}