{"id":137912,"date":"2026-04-28T09:13:49","date_gmt":"2026-04-28T12:13:49","guid":{"rendered":"https:\/\/primiciasclorinda.com\/?p=137912"},"modified":"2026-04-28T09:13:50","modified_gmt":"2026-04-28T12:13:50","slug":"pedido-de-intervencion-federal-a-formosa-caniza-cuestiono-el-pedido-y-sostuvo-que-afectaria-a-todos-los-formosenos","status":"publish","type":"post","link":"https:\/\/primiciasclorinda.com\/?p=137912","title":{"rendered":"Pedido de intervenci\u00f3n federal a Formosa, Caniza cuestion\u00f3 el pedido y sostuvo que afectar\u00eda a todos los formose\u00f1os."},"content":{"rendered":"\n<p><strong>El intendente de Clorinda, Ariel Caniza, se refiri\u00f3 en medios provinciales al pedido de intervenci\u00f3n federal y expres\u00f3 un fuerte rechazo a la iniciativa, se\u00f1alando que responde a \u201cmedidas desesperadas\u201d de sectores pol\u00edticos que no respetan la voluntad popular.<\/strong><\/p>\n\n\n\n<p><strong>\u201cCuando uno no tiene acompa\u00f1amiento desde el voto, buscan la manera de conducir lugares que no les corresponden ya que carecen de legitimidad\u201d, sostuvo, remarcando que existen divisiones de poderes y una Constituci\u00f3n provincial reformada que establece claramente los per\u00edodos y el funcionamiento institucional.<\/strong><\/p>\n\n\n\n<figure class=\"wp-block-image size-large is-resized\"><img loading=\"lazy\" decoding=\"async\" width=\"600\" height=\"126\" src=\"http:\/\/primiciasclorinda.com\/wp-content\/uploads\/2026\/04\/hipergasdeconfianza-5-600x126.jpg\" alt=\"\" class=\"wp-image-133122\" style=\"width:840px;height:auto\" srcset=\"https:\/\/primiciasclorinda.com\/wp-content\/uploads\/2026\/04\/hipergasdeconfianza-5-600x126.jpg 600w, https:\/\/primiciasclorinda.com\/wp-content\/uploads\/2026\/04\/hipergasdeconfianza-5-300x63.jpg 300w, https:\/\/primiciasclorinda.com\/wp-content\/uploads\/2026\/04\/hipergasdeconfianza-5-768x162.jpg 768w, https:\/\/primiciasclorinda.com\/wp-content\/uploads\/2026\/04\/hipergasdeconfianza-5.jpg 950w\" sizes=\"auto, (max-width: 600px) 100vw, 600px\" \/><\/figure>\n\n\n\n<p><strong>En ese sentido, afirm\u00f3 que este tipo de planteos \u201cafectan a todos los formose\u00f1os y argentinos\u201d, y cuestion\u00f3 que se intente avanzar sobre la capacidad de cada provincia de decidir qu\u00e9 tipo de gobierno quiere tener.<\/strong><\/p>\n\n\n\n<p><strong>Caniza tambi\u00e9n apunt\u00f3 a la gesti\u00f3n nacional, al se\u00f1alar recortes y falta de inversi\u00f3n en infraestructura. \u201cLas obras p\u00fablicas se han dejado de lado. En Clorinda tuvimos que intervenir en una ruta nacional clave para garantizar el acceso a la ciudad y al pa\u00eds lim\u00edtrofe\u201d, indic\u00f3.<\/strong><\/p>\n\n\n\n<p><strong>Adem\u00e1s, advirti\u00f3 sobre el impacto econ\u00f3mico de las pol\u00edticas nacionales: \u201cCada vez nos recortan m\u00e1s recursos y buscan asfixiar a las provincias\u201d, expres\u00f3.<\/strong><\/p>\n\n\n\n<p><strong>En contraposici\u00f3n, destac\u00f3 el rol del gobierno provincial, asegurando que \u201cresponde a las necesidades de los municipios\u201d y mantiene una presencia activa para resolver los problemas de los vecinos.<\/strong><strong>Finalmente, el jefe comunal reiter\u00f3 su rechazo al pedido de intervenci\u00f3n y cuestion\u00f3 la legitimidad pol\u00edtica de sus impulsores: \u201cNo tienen sentido de pertenencia con nuestra provincia y solo buscan avanzar pol\u00edticamente sin respetar la decisi\u00f3n del pueblo formose\u00f1o\u201d, concluy\u00f3<\/strong><\/p>\n\n\n<figure class=\"wp-block-post-featured-image\"><img loading=\"lazy\" decoding=\"async\" width=\"950\" height=\"600\" src=\"https:\/\/primiciasclorinda.com\/wp-content\/uploads\/2026\/04\/ariel-caniza-11-1536x1096-1.jpg\" class=\"attachment-post-thumbnail size-post-thumbnail wp-post-image\" alt=\"\" style=\"object-fit:cover;\" srcset=\"https:\/\/primiciasclorinda.com\/wp-content\/uploads\/2026\/04\/ariel-caniza-11-1536x1096-1.jpg 950w, https:\/\/primiciasclorinda.com\/wp-content\/uploads\/2026\/04\/ariel-caniza-11-1536x1096-1-300x189.jpg 300w, https:\/\/primiciasclorinda.com\/wp-content\/uploads\/2026\/04\/ariel-caniza-11-1536x1096-1-475x300.jpg 475w, https:\/\/primiciasclorinda.com\/wp-content\/uploads\/2026\/04\/ariel-caniza-11-1536x1096-1-768x485.jpg 768w\" sizes=\"auto, (max-width: 950px) 100vw, 950px\" \/><\/figure>","protected":false},"excerpt":{"rendered":"<div class=\"mh-excerpt\"><p>El intendente de Clorinda, Ariel Caniza, se refiri\u00f3 en medios provinciales al pedido de intervenci\u00f3n federal y expres\u00f3 un fuerte rechazo a la iniciativa, se\u00f1alando <a class=\"mh-excerpt-more\" href=\"https:\/\/primiciasclorinda.com\/?p=137912\" title=\"Pedido de intervenci\u00f3n federal a Formosa, Caniza cuestion\u00f3 el pedido y sostuvo que afectar\u00eda a todos los formose\u00f1os.\">[&#8230;]<\/a><\/p>\n<\/div>","protected":false},"author":3,"featured_media":137913,"comment_status":"open","ping_status":"open","sticky":false,"template":"","format":"standard","meta":{"footnotes":""},"categories":[5431,6],"tags":[27,26,7187],"class_list":["post-137912","post","type-post","status-publish","format-standard","has-post-thumbnail","hentry","category-clorinda","category-cultura","tag-ariel-caniza","tag-clorinda","tag-intervencion-federal"],"_links":{"self":[{"href":"https:\/\/primiciasclorinda.com\/index.php?rest_route=\/wp\/v2\/posts\/137912","targetHints":{"allow":["GET"]}}],"collection":[{"href":"https:\/\/primiciasclorinda.com\/index.php?rest_route=\/wp\/v2\/posts"}],"about":[{"href":"https:\/\/primiciasclorinda.com\/index.php?rest_route=\/wp\/v2\/types\/post"}],"author":[{"embeddable":true,"href":"https:\/\/primiciasclorinda.com\/index.php?rest_route=\/wp\/v2\/users\/3"}],"replies":[{"embeddable":true,"href":"https:\/\/primiciasclorinda.com\/index.php?rest_route=%2Fwp%2Fv2%2Fcomments&post=137912"}],"version-history":[{"count":1,"href":"https:\/\/primiciasclorinda.com\/index.php?rest_route=\/wp\/v2\/posts\/137912\/revisions"}],"predecessor-version":[{"id":137914,"href":"https:\/\/primiciasclorinda.com\/index.php?rest_route=\/wp\/v2\/posts\/137912\/revisions\/137914"}],"wp:featuredmedia":[{"embeddable":true,"href":"https:\/\/primiciasclorinda.com\/index.php?rest_route=\/wp\/v2\/media\/137913"}],"wp:attachment":[{"href":"https:\/\/primiciasclorinda.com\/index.php?rest_route=%2Fwp%2Fv2%2Fmedia&parent=137912"}],"wp:term":[{"taxonomy":"category","embeddable":true,"href":"https:\/\/primiciasclorinda.com\/index.php?rest_route=%2Fwp%2Fv2%2Fcategories&post=137912"},{"taxonomy":"post_tag","embeddable":true,"href":"https:\/\/primiciasclorinda.com\/index.php?rest_route=%2Fwp%2Fv2%2Ftags&post=137912"}],"curies":[{"name":"wp","href":"https:\/\/api.w.org\/{rel}","templated":true}]}}