{"id":137895,"date":"2026-04-28T08:22:33","date_gmt":"2026-04-28T11:22:33","guid":{"rendered":"https:\/\/primiciasclorinda.com\/?p=137895"},"modified":"2026-04-28T08:22:34","modified_gmt":"2026-04-28T11:22:34","slug":"salio-a-la-venta-el-album-oficial-de-figuritas-del-mundial-2026-cuanto-cuesta-y-los-jugadores-ausentes-de-argentina","status":"publish","type":"post","link":"https:\/\/primiciasclorinda.com\/?p=137895","title":{"rendered":"Sali\u00f3 a la venta el \u00e1lbum oficial de figuritas del Mundial 2026: cu\u00e1nto cuesta y los jugadores ausentes de Argentina"},"content":{"rendered":"\n<p>A d\u00edas del inicio de la Copa del Mundo, ya se puede conseguir el \u00e1lbum f\u00edsico y digital en el pa\u00eds. Todos los detalles<\/p>\n\n\n\n<p><strong>El \u00e1lbum de figuritas para la Copa Mundial de la FIFA 2026 ya est\u00e1 disponible<\/strong>\u00a0a partir de este lunes, con un\u00a0<strong>precio de $15.000<\/strong>\u00a0por ejemplar, y llega con una edici\u00f3n que marca un r\u00e9cord: presenta el mayor n\u00famero de p\u00e1ginas y figuritas de la historia, debido a la participaci\u00f3n in\u00e9dita de 48 selecciones que disputar\u00e1n el certamen desde el 11 de junio al 19 de julio en\u00a0<strong>Estados Unidos, M\u00e9xico y Canad\u00e1<\/strong>. El lanzamiento fue precedido por una campa\u00f1a que incluy\u00f3 portadas diferenciadas para Am\u00e9rica, M\u00e9xico y una edici\u00f3n global.<\/p>\n\n\n\n<figure class=\"wp-block-image size-large is-resized\"><img loading=\"lazy\" decoding=\"async\" width=\"600\" height=\"126\" src=\"http:\/\/primiciasclorinda.com\/wp-content\/uploads\/2026\/04\/hipergasdeconfianza-5-600x126.jpg\" alt=\"\" class=\"wp-image-133122\" style=\"width:839px;height:auto\" srcset=\"https:\/\/primiciasclorinda.com\/wp-content\/uploads\/2026\/04\/hipergasdeconfianza-5-600x126.jpg 600w, https:\/\/primiciasclorinda.com\/wp-content\/uploads\/2026\/04\/hipergasdeconfianza-5-300x63.jpg 300w, https:\/\/primiciasclorinda.com\/wp-content\/uploads\/2026\/04\/hipergasdeconfianza-5-768x162.jpg 768w, https:\/\/primiciasclorinda.com\/wp-content\/uploads\/2026\/04\/hipergasdeconfianza-5.jpg 950w\" sizes=\"auto, (max-width: 600px) 100vw, 600px\" \/><\/figure>\n\n\n\n<p>La principal novedad de esta edici\u00f3n reside en sus dimensiones:\u00a0<strong>el \u00e1lbum contiene 112 p\u00e1ginas y espacio para 980 figuritas<\/strong>, en respuesta a la expansi\u00f3n del formato del torneo. Seg\u00fan las estimaciones, para completar el ejemplar sin considerar las repeticiones, los coleccionistas requerir\u00e1n una inversi\u00f3n m\u00ednima de $295.000,\u00a0<strong>dado que cada sobre con siete figuritas vale $2.000<\/strong>.<\/p>\n\n\n\n<p>En el caso argentino, la selecci\u00f3n argentina incluye a nombres como\u00a0<strong>Emiliano Dibu Mart\u00ednez<\/strong>\u00a0\u2014\u00fanico arquero confirmado\u2014, y entre los defensores, figuran\u00a0<strong>Nahuel Molina, Cristian Romero, Nicol\u00e1s Otamendi, Nicol\u00e1s Tagliafico\u00a0<\/strong>y\u00a0<strong>Leonardo Balerdi<\/strong>. Han quedado excluidos futbolistas de pasado reciente como\u00a0<strong>Gonzalo Montiel, Marcos Acu\u00f1a y Lisandro Mart\u00ednez<\/strong>.<\/p>\n\n\n\n<p>En la mitad de la cancha se conservan referentes de la conquista en Qatar 2022:\u00a0<strong>Enzo Fern\u00e1ndez, Alexis Mac Allister, Rodrigo De Paul, Exequiel Palacios y Leandro Paredes<\/strong>. Adem\u00e1s, incorpora a\u00a0<strong>Nico Paz\u00a0<\/strong>y\u00a0<strong>Franco Mastantuono<\/strong>. Thiago Almada no contar\u00e1 con figurita propia, pese a su regularidad en las convocatorias.<\/p>\n\n\n\n<p>En la ofensiva se destacan\u00a0<strong>Juli\u00e1n \u00c1lvarez, Lautaro Mart\u00ednez, Nicol\u00e1s Gonz\u00e1lez y Giuliano Simeone<\/strong>, acompa\u00f1ando al capit\u00e1n\u00a0<strong>Lionel Messi<\/strong>, quien se integra a la colecci\u00f3n por \u00faltima vez tras haber aparecido en forma consecutiva desde la edici\u00f3n de Alemania 2006.<\/p>\n\n\n\n<p>El evento de 2026 no solo ampl\u00eda el n\u00famero de selecciones, sino que tambi\u00e9n marcar\u00e1 el debut para una nueva provincia argentina: San Luis.\u00a0<strong>El defensor Leonardo Balerdi, oriundo de Villa Mercedes, figura por primera vez<\/strong>, ocupando el n\u00famero siete entre las 20 estampas asignadas al combinado argentino.<\/p>\n\n\n\n<p>El \u00e1lbum, lanzado por Panini este lunes 27 de abril, responde a un acuerdo que la editorial italiana mantiene con la&nbsp;<strong>Federaci\u00f3n Internacional de F\u00fatbol Asociaci\u00f3n (FIFA)&nbsp;<\/strong>desde 1970. Fundada en 1961 por Benito, Giuseppe, Umberto y Franco Panini, la compa\u00f1\u00eda ha sido la responsable de editar la colecci\u00f3n oficial de cada Copa del Mundo.<\/p>\n\n\n\n<p>Desde el punto de vista de los aficionados, el \u00e1lbum de 2026 constituye un archivo con valor hist\u00f3rico y emocional, que refuerza la costumbre de completar el libro intercambiando cromos<\/p>\n\n\n\n<p>La Directora Comercial de la FIFA,\u00a0<strong>Romy Gai<\/strong>, expres\u00f3: \u201cEl \u00e1lbum de cromos de Panini es una de las tradiciones m\u00e1s emblem\u00e1ticas y perdurables de la cultura futbol\u00edstica mundial. Durante generaciones, ha unido a los aficionados, desatado la emoci\u00f3n en todo el mundo y creado recuerdos que perduran mucho despu\u00e9s del pitido final. Esperamos celebrar un producto que une a coleccionistas, familias y aficionados de todas las edades.\u00a0<strong>Este \u00e1lbum es m\u00e1s que un objeto de colecci\u00f3n: es un s\u00edmbolo de la alegr\u00eda, la pasi\u00f3n y la ilusi\u00f3n que definen la Copa Mundial de la FIFA<\/strong>\u201d.<\/p>\n\n\n\n<p>La edici\u00f3n para el Mundial 2026\u00a0<strong>introduce una variante digital que permite completar el \u00e1lbum de manera virtual a trav\u00e9s de su p\u00e1gina web y aplicaci\u00f3n<\/strong>. A cada usuario se le asignan dos sobres de regalo diarios, cada uno con cinco figuritas, una cantidad menor que el formato f\u00edsico.<\/p>\n\n\n\n<p><strong>La Copa Mundial de la FIFA 2026 comenzar\u00e1 en 45 d\u00edas<\/strong>\u00a0y, en ese contexto, la venta del \u00e1lbum f\u00edsico y digital potencia la expectativa de fan\u00e1ticos y coleccionistas. La versi\u00f3n virtual reproduce el esquema fundamental del coleccionismo: completar el libro con la mayor cantidad de figuritas posibles.<\/p>\n\n\n<figure class=\"wp-block-post-featured-image\"><img loading=\"lazy\" decoding=\"async\" width=\"950\" height=\"600\" src=\"https:\/\/primiciasclorinda.com\/wp-content\/uploads\/2026\/04\/figuritasmundial-3.jpg\" class=\"attachment-post-thumbnail size-post-thumbnail wp-post-image\" alt=\"\" style=\"object-fit:cover;\" srcset=\"https:\/\/primiciasclorinda.com\/wp-content\/uploads\/2026\/04\/figuritasmundial-3.jpg 950w, https:\/\/primiciasclorinda.com\/wp-content\/uploads\/2026\/04\/figuritasmundial-3-300x189.jpg 300w, https:\/\/primiciasclorinda.com\/wp-content\/uploads\/2026\/04\/figuritasmundial-3-475x300.jpg 475w, https:\/\/primiciasclorinda.com\/wp-content\/uploads\/2026\/04\/figuritasmundial-3-768x485.jpg 768w\" sizes=\"auto, (max-width: 950px) 100vw, 950px\" \/><\/figure>","protected":false},"excerpt":{"rendered":"<div class=\"mh-excerpt\"><p>A d\u00edas del inicio de la Copa del Mundo, ya se puede conseguir el \u00e1lbum f\u00edsico y digital en el pa\u00eds. Todos los detalles El <a class=\"mh-excerpt-more\" href=\"https:\/\/primiciasclorinda.com\/?p=137895\" title=\"Sali\u00f3 a la venta el \u00e1lbum oficial de figuritas del Mundial 2026: cu\u00e1nto cuesta y los jugadores ausentes de Argentina\">[&#8230;]<\/a><\/p>\n<\/div>","protected":false},"author":3,"featured_media":137896,"comment_status":"open","ping_status":"open","sticky":false,"template":"","format":"standard","meta":{"footnotes":""},"categories":[4],"tags":[7184,5066],"class_list":["post-137895","post","type-post","status-publish","format-standard","has-post-thumbnail","hentry","category-informacion-general","tag-album-figuritas","tag-mundial-2026"],"_links":{"self":[{"href":"https:\/\/primiciasclorinda.com\/index.php?rest_route=\/wp\/v2\/posts\/137895","targetHints":{"allow":["GET"]}}],"collection":[{"href":"https:\/\/primiciasclorinda.com\/index.php?rest_route=\/wp\/v2\/posts"}],"about":[{"href":"https:\/\/primiciasclorinda.com\/index.php?rest_route=\/wp\/v2\/types\/post"}],"author":[{"embeddable":true,"href":"https:\/\/primiciasclorinda.com\/index.php?rest_route=\/wp\/v2\/users\/3"}],"replies":[{"embeddable":true,"href":"https:\/\/primiciasclorinda.com\/index.php?rest_route=%2Fwp%2Fv2%2Fcomments&post=137895"}],"version-history":[{"count":1,"href":"https:\/\/primiciasclorinda.com\/index.php?rest_route=\/wp\/v2\/posts\/137895\/revisions"}],"predecessor-version":[{"id":137897,"href":"https:\/\/primiciasclorinda.com\/index.php?rest_route=\/wp\/v2\/posts\/137895\/revisions\/137897"}],"wp:featuredmedia":[{"embeddable":true,"href":"https:\/\/primiciasclorinda.com\/index.php?rest_route=\/wp\/v2\/media\/137896"}],"wp:attachment":[{"href":"https:\/\/primiciasclorinda.com\/index.php?rest_route=%2Fwp%2Fv2%2Fmedia&parent=137895"}],"wp:term":[{"taxonomy":"category","embeddable":true,"href":"https:\/\/primiciasclorinda.com\/index.php?rest_route=%2Fwp%2Fv2%2Fcategories&post=137895"},{"taxonomy":"post_tag","embeddable":true,"href":"https:\/\/primiciasclorinda.com\/index.php?rest_route=%2Fwp%2Fv2%2Ftags&post=137895"}],"curies":[{"name":"wp","href":"https:\/\/api.w.org\/{rel}","templated":true}]}}