{"id":13753,"date":"2019-04-11T08:13:51","date_gmt":"2019-04-11T11:13:51","guid":{"rendered":"http:\/\/primiciasclorinda.com\/?p=13753"},"modified":"2019-04-11T08:13:51","modified_gmt":"2019-04-11T11:13:51","slug":"gonzalez-aseguro-que-los-cortes-de-rutas-son-estrategia-politica-de-quienes-no-tienen-nada-para-mostrar","status":"publish","type":"post","link":"https:\/\/primiciasclorinda.com\/?p=13753","title":{"rendered":"Gonz\u00e1lez asegur\u00f3 que los cortes de rutas son \u201cestrategia pol\u00edtica de quienes no tienen nada para mostrar\u201d"},"content":{"rendered":"<p style=\"text-align: justify;\">El ministro de Gobierno, Justicia, Seguridad y Trabajo, doctor Jorge Abel Gonz\u00e1lez, indic\u00f3 que los cortes sobre diversas rutas del territorio provincial \u201ctienen una alta incidencia pol\u00edtica\u201d ya que responden a \u201cla estrategia electoral que ha planteado la oposici\u00f3n local\u201d.<\/p>\n<p style=\"text-align: justify;\">\u201cSon cortes que tienen una alta incidencia pol\u00edtica y est\u00e1n respondiendo a la estrategia electoral que ha planteado la oposici\u00f3n local, la que responde a los dict\u00e1menes que les fijan sus autoridades partidarias en la Naci\u00f3n\u201d, subray\u00f3.<\/p>\n<p style=\"text-align: justify;\">Esclareci\u00f3 el funcionario que \u201ctodos los cortes est\u00e1n encabezados por la dirigencia de Cambiemos a nivel local y llama la atenci\u00f3n porque son cortes en contra del aumento de las tarifas, cuando las tarifas el\u00e9ctricas han sido establecidas por el Gobierno nacional\u201d.<\/p>\n<p style=\"text-align: justify;\">\u201cLa empresa provincial REFSA es responsable de la distribuci\u00f3n de la energ\u00eda el\u00e9ctrica\u201d, reiter\u00f3, remarcando que este componente en la formaci\u00f3n del precio de la boleta es de \u201ctan s\u00f3lo un 30%\u201d.<\/p>\n<p style=\"text-align: justify;\">Hizo notar a su vez que los diversos piquetes sobre las rutas \u201cgeneran mucha incomodidad y molestia\u201d ya que son apoyados por los legisladores formose\u00f1os de la UCR-Cambiemos, quienes \u201ca nivel nacional apoyan las pol\u00edticas de ajuste del presidente Mauricio Macri, a los que han eliminado los subsidios, se han negado a discutir las pol\u00edticas tarifarias en el Congreso Nacional la semana pasada, han votado en contra primero y luego apoyado el veto presidencial a la ley que establec\u00eda la retroacci\u00f3n de las tarifas al 2018 y que a nivel partidario en Corrientes plantean como uno de los grandes problemas a solucionar al tema de la tarifa el\u00e9ctrica\u201d.<\/p>\n<p style=\"text-align: justify;\">Marc\u00f3 que \u201cson cortes que tienen un alto contenido pol\u00edtico\u201d, lo cual qued\u00f3 demostrado con la aparici\u00f3n de las fotos del corte de Laguna Blanca en el que este lunes 8 de abril impidieron asistir a los ni\u00f1os de Laguna Naineck al acto de promesa de lealtad a la bandera provincial que se realiz\u00f3 en la capital formose\u00f1a. \u201cEn las im\u00e1genes se advierte claramente que quien est\u00e1 cortando all\u00ed es un dirigente de la Uni\u00f3n C\u00edvica Radical de Laguna Blanca\u201d, se\u00f1al\u00f3.<\/p>\n<p style=\"text-align: justify;\">Asimismo, el ministro reproch\u00f3: \u201ces una estrategia pol\u00edtica de quienes no tienen absolutamente nada para mostrar, pero sin embargo utilizan el artilugio de echarles la culpa a otros de las mismas decisiones pol\u00edticas que est\u00e1n orientadas a generar una mayor riqueza a los sectores concentrados de la econom\u00eda nacional\u201d.<\/p>\n<p style=\"text-align: justify;\">\n","protected":false},"excerpt":{"rendered":"<div class=\"mh-excerpt\"><p>El ministro de Gobierno, Justicia, Seguridad y Trabajo, doctor Jorge Abel Gonz\u00e1lez, indic\u00f3 que los cortes sobre diversas rutas del territorio provincial \u201ctienen una alta <a class=\"mh-excerpt-more\" href=\"https:\/\/primiciasclorinda.com\/?p=13753\" title=\"Gonz\u00e1lez asegur\u00f3 que los cortes de rutas son \u201cestrategia pol\u00edtica de quienes no tienen nada para mostrar\u201d\">[&#8230;]<\/a><\/p>\n<\/div>","protected":false},"author":3,"featured_media":9787,"comment_status":"open","ping_status":"open","sticky":false,"template":"","format":"standard","meta":{"footnotes":""},"categories":[3],"tags":[2426,542,198],"class_list":["post-13753","post","type-post","status-publish","format-standard","has-post-thumbnail","hentry","category-politica-economia","tag-cortes-de-ruta","tag-jorge-gonzalez","tag-refsa"],"_links":{"self":[{"href":"https:\/\/primiciasclorinda.com\/index.php?rest_route=\/wp\/v2\/posts\/13753","targetHints":{"allow":["GET"]}}],"collection":[{"href":"https:\/\/primiciasclorinda.com\/index.php?rest_route=\/wp\/v2\/posts"}],"about":[{"href":"https:\/\/primiciasclorinda.com\/index.php?rest_route=\/wp\/v2\/types\/post"}],"author":[{"embeddable":true,"href":"https:\/\/primiciasclorinda.com\/index.php?rest_route=\/wp\/v2\/users\/3"}],"replies":[{"embeddable":true,"href":"https:\/\/primiciasclorinda.com\/index.php?rest_route=%2Fwp%2Fv2%2Fcomments&post=13753"}],"version-history":[{"count":1,"href":"https:\/\/primiciasclorinda.com\/index.php?rest_route=\/wp\/v2\/posts\/13753\/revisions"}],"predecessor-version":[{"id":13754,"href":"https:\/\/primiciasclorinda.com\/index.php?rest_route=\/wp\/v2\/posts\/13753\/revisions\/13754"}],"wp:featuredmedia":[{"embeddable":true,"href":"https:\/\/primiciasclorinda.com\/index.php?rest_route=\/wp\/v2\/media\/9787"}],"wp:attachment":[{"href":"https:\/\/primiciasclorinda.com\/index.php?rest_route=%2Fwp%2Fv2%2Fmedia&parent=13753"}],"wp:term":[{"taxonomy":"category","embeddable":true,"href":"https:\/\/primiciasclorinda.com\/index.php?rest_route=%2Fwp%2Fv2%2Fcategories&post=13753"},{"taxonomy":"post_tag","embeddable":true,"href":"https:\/\/primiciasclorinda.com\/index.php?rest_route=%2Fwp%2Fv2%2Ftags&post=13753"}],"curies":[{"name":"wp","href":"https:\/\/api.w.org\/{rel}","templated":true}]}}