{"id":137385,"date":"2026-04-27T09:01:38","date_gmt":"2026-04-27T12:01:38","guid":{"rendered":"https:\/\/primiciasclorinda.com\/?p=137385"},"modified":"2026-04-27T09:01:38","modified_gmt":"2026-04-27T12:01:38","slug":"kosten-el-espiritu-de-los-andes-volvio-a-volar-tras-su-liberacion-en-esquel","status":"publish","type":"post","link":"https:\/\/primiciasclorinda.com\/?p=137385","title":{"rendered":"Kosten, el \u00abEsp\u00edritu de los Andes\u00bb, volvi\u00f3 a volar tras su liberaci\u00f3n en Esquel."},"content":{"rendered":"\n<p><strong>El c\u00f3ndor macho que hab\u00eda sido rescatado meses atr\u00e1s fue liberado en las cercan\u00edas de la ciudad de Esquel.<\/strong><\/p>\n\n\n\n<p><strong>Kosten (\u00abviento\u00bb en tehuelche), un c\u00f3ndor macho,r egres\u00f3 finalmente a su entorno natural al ser liberado sobre el camino al centro de esqu\u00ed La Hoya.<\/strong><\/p>\n\n\n\n<p><strong>El animal, un macho adulto, protagoniz\u00f3 un momento de gran emotividad cuando, tras ser retirado de su canil de transporte, se tom\u00f3 unos minutos para reconocer el entorno y estirar sus alas frente a la mirada atenta de los presentes antes de lanzarse al aire.<\/strong><\/p>\n\n\n\n<figure class=\"wp-block-image size-large is-resized\"><img loading=\"lazy\" decoding=\"async\" width=\"600\" height=\"126\" src=\"http:\/\/primiciasclorinda.com\/wp-content\/uploads\/2026\/04\/hipergasdeconfianza-5-600x126.jpg\" alt=\"\" class=\"wp-image-133122\" style=\"width:840px;height:auto\" srcset=\"https:\/\/primiciasclorinda.com\/wp-content\/uploads\/2026\/04\/hipergasdeconfianza-5-600x126.jpg 600w, https:\/\/primiciasclorinda.com\/wp-content\/uploads\/2026\/04\/hipergasdeconfianza-5-300x63.jpg 300w, https:\/\/primiciasclorinda.com\/wp-content\/uploads\/2026\/04\/hipergasdeconfianza-5-768x162.jpg 768w, https:\/\/primiciasclorinda.com\/wp-content\/uploads\/2026\/04\/hipergasdeconfianza-5.jpg 950w\" sizes=\"auto, (max-width: 600px) 100vw, 600px\" \/><\/figure>\n\n\n\n<p><strong>El secretario de Ambiente y Control Sustentable de Chubut, Juan Jos\u00e9 Rivera, particip\u00f3 del operativo y destac\u00f3 el valor simb\u00f3lico y ambiental de este acontecimiento.<\/strong><\/p>\n\n\n\n<p><strong>El funcionario remarc\u00f3 que este tipo de acciones son el resultado de un compromiso estatal con la biodiversidad. \u00abEs una alegr\u00eda inmensa ver c\u00f3mo Kosten vuelve a los cielos de nuestra cordillera despu\u00e9s de tanto esfuerzo de todo el equipo.<\/strong><\/p>\n\n\n\n<p><strong>Este ejemplar representa el trabajo conjunto para preservar nuestra fauna\u00bb, afirm\u00f3 Juan Jos\u00e9 Rivera durante la jornada de liberaci\u00f3n. Por su parte, el jefe del Departamento de Conservaci\u00f3n de Fauna y Flora, Alan Jones, brind\u00f3 detalles t\u00e9cnicos sobre el proceso que permiti\u00f3 que el animal llegara a esta instancia en \u00f3ptimas condiciones de salud.<\/strong><\/p>\n\n\n\n<p><strong>El especialista hizo hincapi\u00e9 en que el \u00e9xito de la reinserci\u00f3n depende directamente del protocolo de rehabilitaci\u00f3n seguido durante los meses previos. \u00abVerlo volar con esa firmeza nos confirma que el proceso de recuperaci\u00f3n fue el adecuado y que el animal est\u00e1 listo para su vida en libertad\u00bb, asegur\u00f3 Alan Jones al cierre de la actividad.<\/strong><\/p>\n\n\n\n<p><strong>Esta liberaci\u00f3n se enmarca en las acciones del Programa de Conservaci\u00f3n del C\u00f3ndor Andino, un plan integral que busca proteger a esta especie en toda su distribuci\u00f3n frente a amenazas como el envenenamiento de carro\u00f1as, la caza y la p\u00e9rdida de h\u00e1bitat.<\/strong><\/p>\n\n\n\n<p><strong>A trav\u00e9s de una red de centros de rescate, seguimiento satelital y programas de educaci\u00f3n ambiental, el proyecto trabaja en la rehabilitaci\u00f3n de ejemplares heridos y la sensibilizaci\u00f3n sobre la importancia de conservar al \u00abEsp\u00edritu de los Andes\u00bb para el equilibrio de la biodiversidad altoandina.<\/strong><\/p>\n\n\n<figure class=\"wp-block-post-featured-image\"><img loading=\"lazy\" decoding=\"async\" width=\"950\" height=\"600\" src=\"https:\/\/primiciasclorinda.com\/wp-content\/uploads\/2026\/04\/liberancondor-1.jpg\" class=\"attachment-post-thumbnail size-post-thumbnail wp-post-image\" alt=\"\" style=\"object-fit:cover;\" srcset=\"https:\/\/primiciasclorinda.com\/wp-content\/uploads\/2026\/04\/liberancondor-1.jpg 950w, https:\/\/primiciasclorinda.com\/wp-content\/uploads\/2026\/04\/liberancondor-1-300x189.jpg 300w, https:\/\/primiciasclorinda.com\/wp-content\/uploads\/2026\/04\/liberancondor-1-475x300.jpg 475w, https:\/\/primiciasclorinda.com\/wp-content\/uploads\/2026\/04\/liberancondor-1-768x485.jpg 768w\" sizes=\"auto, (max-width: 950px) 100vw, 950px\" \/><\/figure>","protected":false},"excerpt":{"rendered":"<div class=\"mh-excerpt\"><p>El c\u00f3ndor macho que hab\u00eda sido rescatado meses atr\u00e1s fue liberado en las cercan\u00edas de la ciudad de Esquel. Kosten (\u00abviento\u00bb en tehuelche), un c\u00f3ndor <a class=\"mh-excerpt-more\" href=\"https:\/\/primiciasclorinda.com\/?p=137385\" title=\"Kosten, el \u00abEsp\u00edritu de los Andes\u00bb, volvi\u00f3 a volar tras su liberaci\u00f3n en Esquel.\">[&#8230;]<\/a><\/p>\n<\/div>","protected":false},"author":3,"featured_media":137373,"comment_status":"open","ping_status":"open","sticky":false,"template":"","format":"standard","meta":{"footnotes":""},"categories":[4],"tags":[7176,7178,7177,7179],"class_list":["post-137385","post","type-post","status-publish","format-standard","has-post-thumbnail","hentry","category-informacion-general","tag-condor-kosten","tag-esquel","tag-liberacion","tag-volvio-a-volar"],"_links":{"self":[{"href":"https:\/\/primiciasclorinda.com\/index.php?rest_route=\/wp\/v2\/posts\/137385","targetHints":{"allow":["GET"]}}],"collection":[{"href":"https:\/\/primiciasclorinda.com\/index.php?rest_route=\/wp\/v2\/posts"}],"about":[{"href":"https:\/\/primiciasclorinda.com\/index.php?rest_route=\/wp\/v2\/types\/post"}],"author":[{"embeddable":true,"href":"https:\/\/primiciasclorinda.com\/index.php?rest_route=\/wp\/v2\/users\/3"}],"replies":[{"embeddable":true,"href":"https:\/\/primiciasclorinda.com\/index.php?rest_route=%2Fwp%2Fv2%2Fcomments&post=137385"}],"version-history":[{"count":1,"href":"https:\/\/primiciasclorinda.com\/index.php?rest_route=\/wp\/v2\/posts\/137385\/revisions"}],"predecessor-version":[{"id":137386,"href":"https:\/\/primiciasclorinda.com\/index.php?rest_route=\/wp\/v2\/posts\/137385\/revisions\/137386"}],"wp:featuredmedia":[{"embeddable":true,"href":"https:\/\/primiciasclorinda.com\/index.php?rest_route=\/wp\/v2\/media\/137373"}],"wp:attachment":[{"href":"https:\/\/primiciasclorinda.com\/index.php?rest_route=%2Fwp%2Fv2%2Fmedia&parent=137385"}],"wp:term":[{"taxonomy":"category","embeddable":true,"href":"https:\/\/primiciasclorinda.com\/index.php?rest_route=%2Fwp%2Fv2%2Fcategories&post=137385"},{"taxonomy":"post_tag","embeddable":true,"href":"https:\/\/primiciasclorinda.com\/index.php?rest_route=%2Fwp%2Fv2%2Ftags&post=137385"}],"curies":[{"name":"wp","href":"https:\/\/api.w.org\/{rel}","templated":true}]}}