{"id":137381,"date":"2026-04-27T08:55:04","date_gmt":"2026-04-27T11:55:04","guid":{"rendered":"https:\/\/primiciasclorinda.com\/?p=137381"},"modified":"2026-04-27T08:55:05","modified_gmt":"2026-04-27T11:55:05","slug":"clorinda-un-joven-fue-atacado-y-lesionado-en-el-brazo-con-un-disparo-de-arma-de-fuego","status":"publish","type":"post","link":"https:\/\/primiciasclorinda.com\/?p=137381","title":{"rendered":"Clorinda. Un joven fue atacado y lesionado en el brazo con un disparo de arma de fuego."},"content":{"rendered":"\n<p><strong>Sucedi\u00f3 en la madrugada del s\u00e1bado y la v\u00edctima fue asistida en el Hospital Cruz Felipe Arnedo.<\/strong><\/p>\n\n\n\n<p><strong>Efectivos de la Comisar\u00eda Oficial Subinspector Idelfonso Vera investigan un caso donde un hombre fue lesionado tras recibir un disparo de arma de fuego en el brazo durante un episodio ocurrido en el barrio ACA de Clorinda.<\/strong><\/p>\n\n\n\n<p><strong>El hecho se registr\u00f3 alrededor de las 00:15 horas del s\u00e1bado \u00faltimo, tras un llamado al sistema de emergencias 911.<\/strong><\/p>\n\n\n\n<figure class=\"wp-block-image size-large is-resized\"><img loading=\"lazy\" decoding=\"async\" width=\"600\" height=\"126\" src=\"http:\/\/primiciasclorinda.com\/wp-content\/uploads\/2026\/04\/hipergasdeconfianza-5-600x126.jpg\" alt=\"\" class=\"wp-image-133122\" style=\"width:840px;height:auto\" srcset=\"https:\/\/primiciasclorinda.com\/wp-content\/uploads\/2026\/04\/hipergasdeconfianza-5-600x126.jpg 600w, https:\/\/primiciasclorinda.com\/wp-content\/uploads\/2026\/04\/hipergasdeconfianza-5-300x63.jpg 300w, https:\/\/primiciasclorinda.com\/wp-content\/uploads\/2026\/04\/hipergasdeconfianza-5-768x162.jpg 768w, https:\/\/primiciasclorinda.com\/wp-content\/uploads\/2026\/04\/hipergasdeconfianza-5.jpg 950w\" sizes=\"auto, (max-width: 600px) 100vw, 600px\" \/><\/figure>\n\n\n\n<p><strong>Los uniformados fueron hasta el lugar y observaron a la v\u00edctima, quien manifest\u00f3 que momentos antes se encontraba con un grupo de amigos consumiendo bebidas alcoh\u00f3licas, cuando fueron abordados por cuatro sujetos.<\/strong><\/p>\n\n\n\n<p><strong>Seg\u00fan relat\u00f3, uno de los agresores extrajo un arma de fuego y efectu\u00f3 un disparo que impact\u00f3 en su brazo, para luego darse a la fuga junto a los dem\u00e1s involucrados.<\/strong><\/p>\n\n\n\n<p><strong>En el sitio se realizaron las actuaciones correspondientes con intervenci\u00f3n de personal de la Delegaci\u00f3n Polic\u00eda Cient\u00edfica, quienes llevaron a cabo las tareas periciales.<\/strong><\/p>\n\n\n\n<p><strong>Asimismo, se recepcionaron declaraciones testimoniales a personas que habr\u00edan presenciado el hecho.<\/strong><\/p>\n\n\n\n<p><strong>La v\u00edctima fue trasladada por personal de salud hasta el hospital local, donde recibi\u00f3 asistencia m\u00e9dica.<\/strong><\/p>\n\n\n\n<p><strong>En consecuencia, se inici\u00f3 una causa judicial por \u201cLesiones con el uso de arma de fuego\u201d, con intervenci\u00f3n del Juzgado de Instrucci\u00f3n y Correccional en turno de la Segunda Circunscripci\u00f3n Judicial de la Provincia<\/strong><\/p>\n\n\n<figure class=\"wp-block-post-featured-image\"><img loading=\"lazy\" decoding=\"async\" width=\"950\" height=\"600\" src=\"https:\/\/primiciasclorinda.com\/wp-content\/uploads\/2026\/04\/hechospoliciales5042026-56.jpg\" class=\"attachment-post-thumbnail size-post-thumbnail wp-post-image\" alt=\"\" style=\"object-fit:cover;\" srcset=\"https:\/\/primiciasclorinda.com\/wp-content\/uploads\/2026\/04\/hechospoliciales5042026-56.jpg 950w, https:\/\/primiciasclorinda.com\/wp-content\/uploads\/2026\/04\/hechospoliciales5042026-56-300x189.jpg 300w, https:\/\/primiciasclorinda.com\/wp-content\/uploads\/2026\/04\/hechospoliciales5042026-56-475x300.jpg 475w, https:\/\/primiciasclorinda.com\/wp-content\/uploads\/2026\/04\/hechospoliciales5042026-56-768x485.jpg 768w\" sizes=\"auto, (max-width: 950px) 100vw, 950px\" \/><\/figure>","protected":false},"excerpt":{"rendered":"<div class=\"mh-excerpt\"><p>Sucedi\u00f3 en la madrugada del s\u00e1bado y la v\u00edctima fue asistida en el Hospital Cruz Felipe Arnedo. Efectivos de la Comisar\u00eda Oficial Subinspector Idelfonso Vera <a class=\"mh-excerpt-more\" href=\"https:\/\/primiciasclorinda.com\/?p=137381\" title=\"Clorinda. Un joven fue atacado y lesionado en el brazo con un disparo de arma de fuego.\">[&#8230;]<\/a><\/p>\n<\/div>","protected":false},"author":3,"featured_media":137368,"comment_status":"open","ping_status":"open","sticky":false,"template":"","format":"standard","meta":{"footnotes":""},"categories":[5431,6,10],"tags":[26,3113],"class_list":["post-137381","post","type-post","status-publish","format-standard","has-post-thumbnail","hentry","category-clorinda","category-cultura","category-policiales","tag-clorinda","tag-hechos-policiales"],"_links":{"self":[{"href":"https:\/\/primiciasclorinda.com\/index.php?rest_route=\/wp\/v2\/posts\/137381","targetHints":{"allow":["GET"]}}],"collection":[{"href":"https:\/\/primiciasclorinda.com\/index.php?rest_route=\/wp\/v2\/posts"}],"about":[{"href":"https:\/\/primiciasclorinda.com\/index.php?rest_route=\/wp\/v2\/types\/post"}],"author":[{"embeddable":true,"href":"https:\/\/primiciasclorinda.com\/index.php?rest_route=\/wp\/v2\/users\/3"}],"replies":[{"embeddable":true,"href":"https:\/\/primiciasclorinda.com\/index.php?rest_route=%2Fwp%2Fv2%2Fcomments&post=137381"}],"version-history":[{"count":1,"href":"https:\/\/primiciasclorinda.com\/index.php?rest_route=\/wp\/v2\/posts\/137381\/revisions"}],"predecessor-version":[{"id":137382,"href":"https:\/\/primiciasclorinda.com\/index.php?rest_route=\/wp\/v2\/posts\/137381\/revisions\/137382"}],"wp:featuredmedia":[{"embeddable":true,"href":"https:\/\/primiciasclorinda.com\/index.php?rest_route=\/wp\/v2\/media\/137368"}],"wp:attachment":[{"href":"https:\/\/primiciasclorinda.com\/index.php?rest_route=%2Fwp%2Fv2%2Fmedia&parent=137381"}],"wp:term":[{"taxonomy":"category","embeddable":true,"href":"https:\/\/primiciasclorinda.com\/index.php?rest_route=%2Fwp%2Fv2%2Fcategories&post=137381"},{"taxonomy":"post_tag","embeddable":true,"href":"https:\/\/primiciasclorinda.com\/index.php?rest_route=%2Fwp%2Fv2%2Ftags&post=137381"}],"curies":[{"name":"wp","href":"https:\/\/api.w.org\/{rel}","templated":true}]}}