{"id":137377,"date":"2026-04-27T08:49:02","date_gmt":"2026-04-27T11:49:02","guid":{"rendered":"https:\/\/primiciasclorinda.com\/?p=137377"},"modified":"2026-04-27T08:49:03","modified_gmt":"2026-04-27T11:49:03","slug":"formosa-desplego-el-potencial-de-nutrifor-en-la-feria-mundial-macfrut-2026-innovacion-y-soberania-desde-el-norte-argentino","status":"publish","type":"post","link":"https:\/\/primiciasclorinda.com\/?p=137377","title":{"rendered":"Formosa despleg\u00f3 el potencial de Nutrifor en la feria mundial MACFRUT 2026: innovaci\u00f3n y soberan\u00eda desde el norte argentino"},"content":{"rendered":"\n<p><strong>La Misi\u00f3n Comercial Latinoamericana a Italia 2026 bajo el lema \u201cArgentina abraccia Italia\u201d, integrada por mujeres l\u00edderes y referentes del ecosistema productivo de Argentina y Paraguay, viaj\u00f3 con el objetivo de estrechar alianzas internacionales en la Feria MACFRUT 2026. Por Formosa se expuso sobre la experiencia de la empresa estatal Nutrifor, de la cual se desarroll\u00f3 su modelo productivo sostenible que genera valor agregado y fuerte impacto social.<\/strong><\/p>\n\n\n\n<p><strong>La empresa provincial Nutrifor tuvo representaci\u00f3n en la Misi\u00f3n Comercial Latinoamericana a Italia 2026, donde empresarias de Argentina y Paraguay viajaron para estrechar lazos estrat\u00e9gicos con Europa, posicionar productos con identidad y valor agregado e impulsar la sostenibilidad y la econom\u00eda circular, que son ejes fundamentales de la firma formose\u00f1a y su modelo productivo. En ese marco,&nbsp;particip\u00f3 de una de las ferias internacionales de frutas y hortalizas m\u00e1s importantes a nivel mundial, la MACFRUT 2026. La iniciativa es impulsada por la&nbsp;Fundaci\u00f3n Empresaria \u00cdtalo Argentina (FEIA), a trav\u00e9s de su&nbsp;presidenta fundacional, licenciada c\u00f3nsul Francesca Marisa Costantino, con la coordinaci\u00f3n de contenidos y conversatorios internacionales a cargo de GEN 3I Consultora, y se desarrolla en el contexto del&nbsp;A\u00f1o Internacional de la Mujer Agricultora, poniendo en valor el rol estrat\u00e9gico de las mujeres en el desarrollo sostenible, la innovaci\u00f3n y la transformaci\u00f3n de los territorios.<\/strong><\/p>\n\n\n\n<figure class=\"wp-block-image size-large is-resized\"><img loading=\"lazy\" decoding=\"async\" width=\"600\" height=\"126\" src=\"http:\/\/primiciasclorinda.com\/wp-content\/uploads\/2026\/04\/hipergasdeconfianza-5-600x126.jpg\" alt=\"\" class=\"wp-image-133122\" style=\"width:840px;height:auto\" srcset=\"https:\/\/primiciasclorinda.com\/wp-content\/uploads\/2026\/04\/hipergasdeconfianza-5-600x126.jpg 600w, https:\/\/primiciasclorinda.com\/wp-content\/uploads\/2026\/04\/hipergasdeconfianza-5-300x63.jpg 300w, https:\/\/primiciasclorinda.com\/wp-content\/uploads\/2026\/04\/hipergasdeconfianza-5-768x162.jpg 768w, https:\/\/primiciasclorinda.com\/wp-content\/uploads\/2026\/04\/hipergasdeconfianza-5.jpg 950w\" sizes=\"auto, (max-width: 600px) 100vw, 600px\" \/><\/figure>\n\n\n\n<p><strong>Norma R\u00edos, empresaria formose\u00f1a y presidenta de CAMEFOR&nbsp;(C\u00e1mara de Mujeres Empresarias, Emprendedoras y Profesionales de Formosa) y RIMEL (Red Internacional de Mujeres Empresarias y L\u00edderes) y la&nbsp;Mag\u00edster M\u00f3nica Reyes, socia de CAMEFOR y Speaker de&nbsp;<a href=\"https:\/\/neahoy.com\/2026\/03\/19\/nutrifor-refuerza-la-asistencia-alimentaria-y-prepara-entregas-en-el-oeste-formoseno\/\" target=\"_blank\" rel=\"noreferrer noopener\">Nutrifor<\/a>, integran esta&nbsp;misi\u00f3n comercial.<\/strong><\/p>\n\n\n\n<p><strong><em>\u201cEsta misi\u00f3n no solo representa empresas. Representa una nueva forma de producir, liderar y conectar territorios. Una voz colectiva que llega a Europa para afirmar: Latinoam\u00e9rica tiene talento, innovaci\u00f3n y futuro\u201d<\/em>, es el mensaje de la misi\u00f3n comercial, a trav\u00e9s de la cual,&nbsp;Nutrifor tuvo la oportunidad de posicionar sus productos con valor agregado e identidad, que transforma la producci\u00f3n primaria de Formosa e impulsa una econom\u00eda circular.<\/strong><\/p>\n\n\n\n<p><strong>Asimismo,&nbsp;la misi\u00f3n busca fortalecer el v\u00ednculo argentino-paraguayo con Europa, en un marco propicio como es el&nbsp;<a href=\"https:\/\/neahoy.com\/2026\/02\/13\/diputados-dio-media-sancion-al-acuerdo-mercosur-ue-y-argentina-queda-a-un-paso-de-validarlo\/\" target=\"_blank\" rel=\"noreferrer noopener\">Acuerdo MERCOSUR-UE.<\/a><\/strong><\/p>\n\n\n\n<p><strong>La&nbsp;Mag\u00edster M\u00f3nica Reyes, socia de&nbsp;<a href=\"https:\/\/neahoy.com\/2026\/03\/13\/formosa-dio-inicio-a-la-caminata-de-mentoreo-2026-propositos-en-movimiento-para-potenciar-el-liderazgo-femenino\/\" target=\"_blank\" rel=\"noreferrer noopener\">CAMEFOR<\/a>, fue la Speaker a cargo de exponer sobre la firma formose\u00f1a&nbsp;y presentarla ante compradores y especialistas de todo el mundo como&nbsp;panelista en los conversatorios internacionales que se realizaron en la MACFRUT 2026. Adem\u00e1s, dentro del predio donde se realiz\u00f3 el evento,&nbsp;Argentina contaba con un stand propio donde tambi\u00e9n se expusieron las actividades de Nutrifor, explicadas por la Mag\u00edster Reyes.<\/strong><\/p>\n\n\n\n<p><strong>En este&nbsp;escenario clave para la innovaci\u00f3n hortofrut\u00edcola, la provincia logr\u00f3 destacar su identidad productiva, ya que la empresa incorpora desde el trabajo con el&nbsp;peque\u00f1o productor y el uso de bioinsumos, hasta tecnolog\u00eda de vanguardia. En este esquema tambi\u00e9n se destaca&nbsp;Liofor, unidad pionera en liofilizaci\u00f3n en el NEA, que permite&nbsp;preservar hasta el 97% de los valores nutricionales, el sabor y la textura de los productos,&nbsp;eliminando la necesidad de cadena de fr\u00edo, una ventaja competitiva clave para el mercado europeo.<\/strong><\/p>\n\n\n\n<p><strong>Asimismo,&nbsp;la Speaker expuso sobre los productos que elabora, como las mermeladas, harinas, premezclas y alimentos congelados&nbsp;que&nbsp;se distribuyen en escuelas y a la comunidad a trav\u00e9s del programa Nutrir&nbsp;y que tambi\u00e9n&nbsp;se pueden adquirir en las ferias de Soberan\u00eda Alimentaria Formose\u00f1a. En ese marco, se detall\u00f3 que solo&nbsp;en 2025 la firma abasteci\u00f3 a 18.500 familias y 143.700 estudiantes, con un equipo altamente calificado, integrado en un&nbsp;50% por ingenieros y especialistas formose\u00f1os.<\/strong><\/p>\n\n\n\n<p><strong>Innovaci\u00f3n, tecnolog\u00eda y nuevas oportunidades<\/strong><\/p>\n\n\n\n<p><strong>Para&nbsp;CAMEFOR, esta presencia internacional consolida un&nbsp;trabajo sostenido en red, con el objetivo de superar la experiencia de la misi\u00f3n comercial realizada en 2017 en Sicilia, donde ya se hab\u00edan obtenido resultados positivos y v\u00ednculos estrat\u00e9gicos.<\/strong><\/p>\n\n\n\n<p><strong>En MACFRUT 2026 se accedi\u00f3 a ponencias de primer nivel y a las \u00faltimas tendencias del sector, como&nbsp;maquinaria de \u00faltima generaci\u00f3n, aplicaciones de inteligencia artificial en la producci\u00f3n y modelos cooperativos en frutas y hortalizas. Adem\u00e1s, se fortalecieron v\u00ednculos con asociaciones de mujeres, generando nuevas oportunidades de cooperaci\u00f3n internacional.<\/strong><\/p>\n\n\n\n<p><strong>Uno de los momentos clave fue el&nbsp;encuentro con el ministro de Producci\u00f3n de Italia, quien destac\u00f3 el potencial de articulaci\u00f3n con Latinoam\u00e9rica y anunci\u00f3 su pr\u00f3xima visita a Paraguay&nbsp;en septiembre, poniendo al MERCOSUR en agenda como un espacio estrat\u00e9gico de integraci\u00f3n.<\/strong><\/p>\n\n\n\n<p><strong>Posteriormente,&nbsp;la misi\u00f3n comercial visit\u00f3 la Universidad de Parma, ubicada en la regi\u00f3n Emilia-Roma\u00f1a, donde fueron recibidas por sus autoridades, recorrieron las instalaciones y conocieron su laboratorio agroalimentario, uno de los m\u00e1s importantes de Europa.<\/strong><\/p>\n\n\n\n<p><strong>En ese marco, presenciaron la exposici\u00f3n:<em>&nbsp;\u201cLa Alianza de Emilia-Roma\u00f1a para la Educaci\u00f3n e Innovaci\u00f3n en el Sistema Alimentario\u201d<\/em>, en el que se mencionaron las v\u00edas de&nbsp;investigaci\u00f3n para una mayor agroalimentaci\u00f3n.<\/strong><\/p>\n\n\n\n<p><strong>Agenda en el sur de Italia<\/strong><\/p>\n\n\n\n<p><strong>Tras el cierre de estas jornadas,&nbsp;la delegaci\u00f3n continuar\u00e1 con una agenda de actividades en el sur de Italia, como parte de una estrategia de&nbsp;extensi\u00f3n territorial e intercambio de experiencias, de la cual participar\u00e1n la&nbsp;presidenta de la FEIA, la licenciada c\u00f3nsul Francesca Marisa Costantino; la secretaria, Dra Ver\u00f3nica Sonia Iesu y la Magister M\u00f3nica Reyes.<\/strong><\/p>\n\n\n\n<p><strong>El domingo la delegaci\u00f3n participar\u00e1 en una mesa acad\u00e9mica en la&nbsp;Universidad de Estudios \u201cGabriele d\u2019Annunzio\u201d Chieti-Pescara, en Abruzzo, bajo el eje<em>&nbsp;\u201cRegenerar los territorios, promover el bienestar: el modelo integrado de Borgo Futuro\u201d.<\/em><\/strong><\/p>\n\n\n\n<p><strong>El lunes,&nbsp;en Molise, se desarrollar\u00e1 a la ma\u00f1ana un encuentro institucional en Isernia,&nbsp;otra reuni\u00f3n donde se conocer\u00e1 sobre el Programa Borgo Futuro y, por la tarde, habr\u00e1&nbsp;visitas a cooperativas del Bajo Molise.<\/strong><\/p>\n\n\n\n<p><strong>El mi\u00e9rcoles&nbsp;en Calabria habr\u00e1 una reuni\u00f3n con el Intendente de San Demetrio Corone, Ernesto Madeo, en aquella ciudad.&nbsp;Posteriormente&nbsp;la misi\u00f3n se reunir\u00e1 con la c\u00f3nsul general de Albania en Calabria, Anna Madeo.<\/strong><\/p>\n\n\n\n<p><strong>En la ma\u00f1ana del jueves 30 de abril habr\u00e1 un encuentro en la C\u00e1mara de Comercio de Cosenza y por la tarde se participar\u00e1 de la conferencia&nbsp;<em>\u201cEl importante rol de la mujer en la pol\u00edtica italiana e internacional\u201d.&nbsp;<\/em>Las actividades culminan el domingo 3 de mayo en Lungro con un encuentro con el Monse\u00f1or Oliverio y una actividad en la Academia del Mate Argentino.<\/strong><\/p>\n\n\n\n<p><strong>De esta manera,&nbsp;Formosa se posiciona fortaleciendo v\u00ednculos para conectar territorios, mostrando el talento y la capacidad de ser un socio estrat\u00e9gico&nbsp;que ofrece una&nbsp;nueva forma de producir y agregar valor, generando soluciones sostenibles, con&nbsp;fuerte impacto social.<\/strong><\/p>\n\n\n<figure class=\"wp-block-post-featured-image\"><img loading=\"lazy\" decoding=\"async\" width=\"950\" height=\"600\" src=\"https:\/\/primiciasclorinda.com\/wp-content\/uploads\/2026\/04\/feiainternacional-1.jpg\" class=\"attachment-post-thumbnail size-post-thumbnail wp-post-image\" alt=\"\" style=\"object-fit:cover;\" srcset=\"https:\/\/primiciasclorinda.com\/wp-content\/uploads\/2026\/04\/feiainternacional-1.jpg 950w, https:\/\/primiciasclorinda.com\/wp-content\/uploads\/2026\/04\/feiainternacional-1-300x189.jpg 300w, https:\/\/primiciasclorinda.com\/wp-content\/uploads\/2026\/04\/feiainternacional-1-475x300.jpg 475w, https:\/\/primiciasclorinda.com\/wp-content\/uploads\/2026\/04\/feiainternacional-1-768x485.jpg 768w\" sizes=\"auto, (max-width: 950px) 100vw, 950px\" \/><\/figure>","protected":false},"excerpt":{"rendered":"<div class=\"mh-excerpt\"><p>La Misi\u00f3n Comercial Latinoamericana a Italia 2026 bajo el lema \u201cArgentina abraccia Italia\u201d, integrada por mujeres l\u00edderes y referentes del ecosistema productivo de Argentina y <a class=\"mh-excerpt-more\" href=\"https:\/\/primiciasclorinda.com\/?p=137377\" title=\"Formosa despleg\u00f3 el potencial de Nutrifor en la feria mundial MACFRUT 2026: innovaci\u00f3n y soberan\u00eda desde el norte argentino\">[&#8230;]<\/a><\/p>\n<\/div>","protected":false},"author":3,"featured_media":137369,"comment_status":"open","ping_status":"open","sticky":false,"template":"","format":"standard","meta":{"footnotes":""},"categories":[3],"tags":[7173,7171,7172,2468],"class_list":["post-137377","post","type-post","status-publish","format-standard","has-post-thumbnail","hentry","category-politica-economia","tag-feeria-mundial","tag-feia","tag-macfrut-2026","tag-nutrifor"],"_links":{"self":[{"href":"https:\/\/primiciasclorinda.com\/index.php?rest_route=\/wp\/v2\/posts\/137377","targetHints":{"allow":["GET"]}}],"collection":[{"href":"https:\/\/primiciasclorinda.com\/index.php?rest_route=\/wp\/v2\/posts"}],"about":[{"href":"https:\/\/primiciasclorinda.com\/index.php?rest_route=\/wp\/v2\/types\/post"}],"author":[{"embeddable":true,"href":"https:\/\/primiciasclorinda.com\/index.php?rest_route=\/wp\/v2\/users\/3"}],"replies":[{"embeddable":true,"href":"https:\/\/primiciasclorinda.com\/index.php?rest_route=%2Fwp%2Fv2%2Fcomments&post=137377"}],"version-history":[{"count":1,"href":"https:\/\/primiciasclorinda.com\/index.php?rest_route=\/wp\/v2\/posts\/137377\/revisions"}],"predecessor-version":[{"id":137378,"href":"https:\/\/primiciasclorinda.com\/index.php?rest_route=\/wp\/v2\/posts\/137377\/revisions\/137378"}],"wp:featuredmedia":[{"embeddable":true,"href":"https:\/\/primiciasclorinda.com\/index.php?rest_route=\/wp\/v2\/media\/137369"}],"wp:attachment":[{"href":"https:\/\/primiciasclorinda.com\/index.php?rest_route=%2Fwp%2Fv2%2Fmedia&parent=137377"}],"wp:term":[{"taxonomy":"category","embeddable":true,"href":"https:\/\/primiciasclorinda.com\/index.php?rest_route=%2Fwp%2Fv2%2Fcategories&post=137377"},{"taxonomy":"post_tag","embeddable":true,"href":"https:\/\/primiciasclorinda.com\/index.php?rest_route=%2Fwp%2Fv2%2Ftags&post=137377"}],"curies":[{"name":"wp","href":"https:\/\/api.w.org\/{rel}","templated":true}]}}