{"id":137375,"date":"2026-04-27T08:47:06","date_gmt":"2026-04-27T11:47:06","guid":{"rendered":"https:\/\/primiciasclorinda.com\/?p=137375"},"modified":"2026-04-27T08:47:06","modified_gmt":"2026-04-27T11:47:06","slug":"este-martes-28-se-inicia-el-pago-de-haberes-de-abril-a-los-agentes-de-la-administracion-publica-con-el-incremento-del-7","status":"publish","type":"post","link":"https:\/\/primiciasclorinda.com\/?p=137375","title":{"rendered":"Este martes (28) se inicia el pago de haberes de abril a los agentes de la Administraci\u00f3n P\u00fablica con el incremento del 7%"},"content":{"rendered":"\n<p><strong><em>Se trata del segundo tramo del 14% de incremento salarial anunciado por el gobernador Gildo Insfr\u00e1n. Asimismo, las liquidaciones incluyen el valor del sueldo m\u00ednimo de bolsillo garantizado de $1.000.000.<\/em><\/strong><\/p>\n\n\n\n<p><strong>El Ministerio de Econom\u00eda, Hacienda y Finanzas del Gobierno de la provincia de Formosa inform\u00f3 que a partir del martes 28 se dar\u00e1 inicio al pago de las remuneraciones del mes de abril, con el incremento salarial del 7%, completando el 14% anunciado por el gobernador Gildo Insfr\u00e1n.<\/strong><\/p>\n\n\n\n<figure class=\"wp-block-image size-large is-resized\"><img loading=\"lazy\" decoding=\"async\" width=\"600\" height=\"126\" src=\"http:\/\/primiciasclorinda.com\/wp-content\/uploads\/2026\/04\/hipergasdeconfianza-5-600x126.jpg\" alt=\"\" class=\"wp-image-133122\" style=\"width:840px;height:auto\" srcset=\"https:\/\/primiciasclorinda.com\/wp-content\/uploads\/2026\/04\/hipergasdeconfianza-5-600x126.jpg 600w, https:\/\/primiciasclorinda.com\/wp-content\/uploads\/2026\/04\/hipergasdeconfianza-5-300x63.jpg 300w, https:\/\/primiciasclorinda.com\/wp-content\/uploads\/2026\/04\/hipergasdeconfianza-5-768x162.jpg 768w, https:\/\/primiciasclorinda.com\/wp-content\/uploads\/2026\/04\/hipergasdeconfianza-5.jpg 950w\" sizes=\"auto, (max-width: 600px) 100vw, 600px\" \/><\/figure>\n\n\n\n<p><strong>Adem\u00e1s, regir\u00e1 el valor del&nbsp;salario m\u00ednimo de bolsillo garantizado&nbsp;en la suma de&nbsp;$1.000.000, cifra que no incluye al resto de los beneficios que perciben los agentes de los diferentes escalafones, a saber, asistencia social al personal, horas extras, adicional por guardias, fondo est\u00edmulo, productividad, entre otros.<\/strong><\/p>\n\n\n\n<p><strong>En primer t\u00e9rmino, se acreditar\u00e1n, en jornada \u00fanica, los beneficios correspondientes a los&nbsp;jubilados y pensionados&nbsp;de la Caja de Previsi\u00f3n Social (CPS), el d\u00eda&nbsp;martes 28&nbsp;del corriente mes.<\/strong><\/p>\n\n\n\n<p><strong>En tanto, el&nbsp;mi\u00e9rcoles 29&nbsp;comenzar\u00e1 la cancelaci\u00f3n de los haberes a los&nbsp;agentes activos. En esta jornada se atender\u00e1n los compromisos de las remuneraciones de titulares de documentos terminados en&nbsp;0, 1, 2, 3 y 4.<\/strong><\/p>\n\n\n\n<p><strong>A su vez, el&nbsp;jueves 30&nbsp;se efectuar\u00e1n los pagos a favor del personal con documentos finalizados en&nbsp;5, 6, 7, 8 y 9; concluyendo de este modo con la totalidad del componente sueldos del Rubro Personal del Presupuesto Provincial.<\/strong><\/p>\n\n\n\n<p><strong>Desde el Ministerio de Econom\u00eda se indic\u00f3 que los desembolsos por la totalidad de conceptos destinados a favor de los recursos humanos del sector p\u00fablico, m\u00e1s las sumas remesadas a las entidades educativas de gesti\u00f3n privada y los importes asignados para la cobertura del sistema previsional local, ascienden a una cifra superior a los&nbsp;$116.000 millones, financiada \u00edntegramente con recursos corrientes del Tesoro Provincial.<\/strong><\/p>\n\n\n<figure class=\"wp-block-post-featured-image\"><img loading=\"lazy\" decoding=\"async\" width=\"950\" height=\"600\" src=\"https:\/\/primiciasclorinda.com\/wp-content\/uploads\/2026\/04\/cronogramasueldos-3.jpg\" class=\"attachment-post-thumbnail size-post-thumbnail wp-post-image\" alt=\"\" style=\"object-fit:cover;\" srcset=\"https:\/\/primiciasclorinda.com\/wp-content\/uploads\/2026\/04\/cronogramasueldos-3.jpg 950w, https:\/\/primiciasclorinda.com\/wp-content\/uploads\/2026\/04\/cronogramasueldos-3-300x189.jpg 300w, https:\/\/primiciasclorinda.com\/wp-content\/uploads\/2026\/04\/cronogramasueldos-3-475x300.jpg 475w, https:\/\/primiciasclorinda.com\/wp-content\/uploads\/2026\/04\/cronogramasueldos-3-768x485.jpg 768w\" sizes=\"auto, (max-width: 950px) 100vw, 950px\" \/><\/figure>","protected":false},"excerpt":{"rendered":"<div class=\"mh-excerpt\"><p>Se trata del segundo tramo del 14% de incremento salarial anunciado por el gobernador Gildo Insfr\u00e1n. Asimismo, las liquidaciones incluyen el valor del sueldo m\u00ednimo <a class=\"mh-excerpt-more\" href=\"https:\/\/primiciasclorinda.com\/?p=137375\" title=\"Este martes (28) se inicia el pago de haberes de abril a los agentes de la Administraci\u00f3n P\u00fablica con el incremento del 7%\">[&#8230;]<\/a><\/p>\n<\/div>","protected":false},"author":3,"featured_media":135774,"comment_status":"open","ping_status":"open","sticky":false,"template":"","format":"standard","meta":{"footnotes":""},"categories":[3],"tags":[7169,7170],"class_list":["post-137375","post","type-post","status-publish","format-standard","has-post-thumbnail","hentry","category-politica-economia","tag-agentes-provinciales","tag-fecha-de-cobro"],"_links":{"self":[{"href":"https:\/\/primiciasclorinda.com\/index.php?rest_route=\/wp\/v2\/posts\/137375","targetHints":{"allow":["GET"]}}],"collection":[{"href":"https:\/\/primiciasclorinda.com\/index.php?rest_route=\/wp\/v2\/posts"}],"about":[{"href":"https:\/\/primiciasclorinda.com\/index.php?rest_route=\/wp\/v2\/types\/post"}],"author":[{"embeddable":true,"href":"https:\/\/primiciasclorinda.com\/index.php?rest_route=\/wp\/v2\/users\/3"}],"replies":[{"embeddable":true,"href":"https:\/\/primiciasclorinda.com\/index.php?rest_route=%2Fwp%2Fv2%2Fcomments&post=137375"}],"version-history":[{"count":1,"href":"https:\/\/primiciasclorinda.com\/index.php?rest_route=\/wp\/v2\/posts\/137375\/revisions"}],"predecessor-version":[{"id":137376,"href":"https:\/\/primiciasclorinda.com\/index.php?rest_route=\/wp\/v2\/posts\/137375\/revisions\/137376"}],"wp:featuredmedia":[{"embeddable":true,"href":"https:\/\/primiciasclorinda.com\/index.php?rest_route=\/wp\/v2\/media\/135774"}],"wp:attachment":[{"href":"https:\/\/primiciasclorinda.com\/index.php?rest_route=%2Fwp%2Fv2%2Fmedia&parent=137375"}],"wp:term":[{"taxonomy":"category","embeddable":true,"href":"https:\/\/primiciasclorinda.com\/index.php?rest_route=%2Fwp%2Fv2%2Fcategories&post=137375"},{"taxonomy":"post_tag","embeddable":true,"href":"https:\/\/primiciasclorinda.com\/index.php?rest_route=%2Fwp%2Fv2%2Ftags&post=137375"}],"curies":[{"name":"wp","href":"https:\/\/api.w.org\/{rel}","templated":true}]}}