{"id":136854,"date":"2026-04-26T09:16:59","date_gmt":"2026-04-26T12:16:59","guid":{"rendered":"https:\/\/primiciasclorinda.com\/?p=136854"},"modified":"2026-04-26T09:17:00","modified_gmt":"2026-04-26T12:17:00","slug":"personal-del-hospital-de-clorinda-participa-en-jornada-de-hemoterapia-y-en-el-xxxi-congreso-internacional-acaro","status":"publish","type":"post","link":"https:\/\/primiciasclorinda.com\/?p=136854","title":{"rendered":"Personal del Hospital de Clorinda participa en jornada de Hemoterapia y en el XXXI Congreso Internacional ACARO"},"content":{"rendered":"\n<p><strong>Participaci\u00f3n en Jornada de Hemoterapia<\/strong><\/p>\n\n\n\n<p><strong>Personal de nuestro hospital dijo presente en la 2\u00b0 Jornada Provincial de Hemoterapia, 1\u00b0 Jornada del NEA y XII Jornada de Capacitaci\u00f3n del Centro Provincial de Hemoterapia, realizada los d\u00edas 24 y 25 de abril en el Polo Cient\u00edfico, Tecnol\u00f3gico e Innovaci\u00f3n de la Provincia de Formosa.<\/strong><\/p>\n\n\n\n<p><strong>Representaron a la instituci\u00f3n el Lic. en Hemoterapia e Inmunohematolog\u00eda H\u00e9ctor Kern y la Lic. en Hemoterapia e Inmunohematolog\u00eda Betiana Chamorro, participando activamente en espacios de actualizaci\u00f3n y formaci\u00f3n.<\/strong><\/p>\n\n\n\n\n\n<figure class=\"wp-block-image size-large is-resized\"><img loading=\"lazy\" decoding=\"async\" width=\"600\" height=\"126\" src=\"http:\/\/primiciasclorinda.com\/wp-content\/uploads\/2026\/04\/hipergasdeconfianza-5-600x126.jpg\" alt=\"\" class=\"wp-image-133122\" style=\"width:839px;height:auto\" srcset=\"https:\/\/primiciasclorinda.com\/wp-content\/uploads\/2026\/04\/hipergasdeconfianza-5-600x126.jpg 600w, https:\/\/primiciasclorinda.com\/wp-content\/uploads\/2026\/04\/hipergasdeconfianza-5-300x63.jpg 300w, https:\/\/primiciasclorinda.com\/wp-content\/uploads\/2026\/04\/hipergasdeconfianza-5-768x162.jpg 768w, https:\/\/primiciasclorinda.com\/wp-content\/uploads\/2026\/04\/hipergasdeconfianza-5.jpg 950w\" sizes=\"auto, (max-width: 600px) 100vw, 600px\" \/><\/figure>\n\n\n\n<p><strong>Estas instancias no son puro tr\u00e1mite: sirven para seguir mejorando la calidad de atenci\u00f3n y estar al d\u00eda con los avances en salud.<\/strong><\/p>\n\n\n\n<p><strong>Participaci\u00f3n del Hospital de Clorinda en el XXXI Congreso Internacional ACARO<\/strong><\/p>\n\n\n\n<p><strong>El personal de salud del Hospital de Clorinda , en esta oportunidad el <a href=\"https:\/\/www.facebook.com\/profile.php?id=100087830400421&amp;__cft__%5b0%5d=AZZk-mMYr_fjm_wuBSVN9lVgga1_MYji4fbV89CEwivR0Q27tbFH1g_M1xgCH0Ng8SlCoPoPLIWLV66-lrLmW9sX4PhdzqH3I7zwtaXYjqF9dBGNmZ7SdhaaA_TwIiD5ACp-q3qNXfLnmh8fZPtyxLCQT_Gn3rr9zsfKrInmc8IBPYPpWSMJ4uI-muOVqEsufG8&amp;__tn__=-%5dK-R\">Dr. Pacheco Nicol\u00e1s<\/a> ,particip\u00f3 activamente del XXXI Congreso Internacional de ACARO, uno de los eventos m\u00e1s relevantes a nivel nacional en la actualizaci\u00f3n de patolog\u00edas y cirug\u00edas de cadera y rodilla.<\/strong><\/p>\n\n\n\n<p><strong>El congreso se llev\u00f3 a cabo del 22 al 24 de abril de 2026 y reuni\u00f3 a destacados especialistas nacionales e internacionales, entre ellos los Dres. Michael Meneghini, Neil Perry Sheth, Elizabeth Gausden, Matthew P. Abdel y Pietro Cavaliere.<\/strong><\/p>\n\n\n\n<p><strong>Durante las jornadas se abordaron importantes avances en: \u2022 Diagn\u00f3stico y tratamiento de patolog\u00edas de cadera y rodilla<\/strong><\/p>\n\n\n\n<p><strong>\u2022 T\u00e9cnicas modernas de reemplazos articulares (pr\u00f3tesis)<\/strong><\/p>\n\n\n\n<p><strong>\u2022 Innovaciones en cirug\u00eda asistida por navegaci\u00f3n y tecnolog\u00edas de precisi\u00f3n<\/strong><\/p>\n\n\n\n<p><strong>La participaci\u00f3n en este tipo de encuentros fortalece la formaci\u00f3n continua de nuestros profesionales, permitiendo incorporar conocimientos actualizados que impactan directamente en la calidad de atenci\u00f3n brindada a la comunidad.<\/strong><\/p>\n\n\n\n<p><strong>Seguimos apostando a la capacitaci\u00f3n y al crecimiento del equipo de salud.<\/strong><\/p>\n\n\n<figure class=\"wp-block-post-featured-image\"><img loading=\"lazy\" decoding=\"async\" width=\"950\" height=\"600\" src=\"https:\/\/primiciasclorinda.com\/wp-content\/uploads\/2026\/04\/hcfa-clor-capacitacion-6.jpg\" class=\"attachment-post-thumbnail size-post-thumbnail wp-post-image\" alt=\"\" style=\"object-fit:cover;\" srcset=\"https:\/\/primiciasclorinda.com\/wp-content\/uploads\/2026\/04\/hcfa-clor-capacitacion-6.jpg 950w, https:\/\/primiciasclorinda.com\/wp-content\/uploads\/2026\/04\/hcfa-clor-capacitacion-6-300x189.jpg 300w, https:\/\/primiciasclorinda.com\/wp-content\/uploads\/2026\/04\/hcfa-clor-capacitacion-6-475x300.jpg 475w, https:\/\/primiciasclorinda.com\/wp-content\/uploads\/2026\/04\/hcfa-clor-capacitacion-6-768x485.jpg 768w\" sizes=\"auto, (max-width: 950px) 100vw, 950px\" \/><\/figure>","protected":false},"excerpt":{"rendered":"<div class=\"mh-excerpt\"><p>Participaci\u00f3n en Jornada de Hemoterapia Personal de nuestro hospital dijo presente en la 2\u00b0 Jornada Provincial de Hemoterapia, 1\u00b0 Jornada del NEA y XII Jornada <a class=\"mh-excerpt-more\" href=\"https:\/\/primiciasclorinda.com\/?p=136854\" title=\"Personal del Hospital de Clorinda participa en jornada de Hemoterapia y en el XXXI Congreso Internacional ACARO\">[&#8230;]<\/a><\/p>\n<\/div>","protected":false},"author":3,"featured_media":136841,"comment_status":"open","ping_status":"open","sticky":false,"template":"","format":"standard","meta":{"footnotes":""},"categories":[5431,6],"tags":[7162,7161,1344,7128,7163],"class_list":["post-136854","post","type-post","status-publish","format-standard","has-post-thumbnail","hentry","category-clorinda","category-cultura","tag-acaro","tag-congreso-internacional","tag-hospital-cruz-felipe-arnedo","tag-jornada-capacitacion","tag-personal"],"_links":{"self":[{"href":"https:\/\/primiciasclorinda.com\/index.php?rest_route=\/wp\/v2\/posts\/136854","targetHints":{"allow":["GET"]}}],"collection":[{"href":"https:\/\/primiciasclorinda.com\/index.php?rest_route=\/wp\/v2\/posts"}],"about":[{"href":"https:\/\/primiciasclorinda.com\/index.php?rest_route=\/wp\/v2\/types\/post"}],"author":[{"embeddable":true,"href":"https:\/\/primiciasclorinda.com\/index.php?rest_route=\/wp\/v2\/users\/3"}],"replies":[{"embeddable":true,"href":"https:\/\/primiciasclorinda.com\/index.php?rest_route=%2Fwp%2Fv2%2Fcomments&post=136854"}],"version-history":[{"count":1,"href":"https:\/\/primiciasclorinda.com\/index.php?rest_route=\/wp\/v2\/posts\/136854\/revisions"}],"predecessor-version":[{"id":136855,"href":"https:\/\/primiciasclorinda.com\/index.php?rest_route=\/wp\/v2\/posts\/136854\/revisions\/136855"}],"wp:featuredmedia":[{"embeddable":true,"href":"https:\/\/primiciasclorinda.com\/index.php?rest_route=\/wp\/v2\/media\/136841"}],"wp:attachment":[{"href":"https:\/\/primiciasclorinda.com\/index.php?rest_route=%2Fwp%2Fv2%2Fmedia&parent=136854"}],"wp:term":[{"taxonomy":"category","embeddable":true,"href":"https:\/\/primiciasclorinda.com\/index.php?rest_route=%2Fwp%2Fv2%2Fcategories&post=136854"},{"taxonomy":"post_tag","embeddable":true,"href":"https:\/\/primiciasclorinda.com\/index.php?rest_route=%2Fwp%2Fv2%2Ftags&post=136854"}],"curies":[{"name":"wp","href":"https:\/\/api.w.org\/{rel}","templated":true}]}}