{"id":136846,"date":"2026-04-26T09:05:36","date_gmt":"2026-04-26T12:05:36","guid":{"rendered":"https:\/\/primiciasclorinda.com\/?p=136846"},"modified":"2026-04-26T09:05:37","modified_gmt":"2026-04-26T12:05:37","slug":"bronca-total-de-productores-la-afa-y-la-seleccion-toman-mate-con-yerba-brasilena-con-la-industria-local-en-crisis","status":"publish","type":"post","link":"https:\/\/primiciasclorinda.com\/?p=136846","title":{"rendered":"Bronca total de productores: la AFA y la Selecci\u00f3n toman mate con yerba brasile\u00f1a con la industria local en crisis"},"content":{"rendered":"\n<p><strong>Productores nacionales expresaron su indignaci\u00f3n tras el acuerdo comercial con una marca extranjera en medio de una crisis del sector yerbatero<\/strong><\/p>\n\n\n\n<p><strong>La Asociaci\u00f3n del F\u00fatbol Argentino oficializ\u00f3 semanas atr\u00e1s a&nbsp;Baldo, una marca de yerba producida en el sur de Brasil, como nuevo sponsor de la selecci\u00f3n nacional. La empresa qued\u00f3 habilitada para presentarse como la yerba que acompa\u00f1a a Lionel Messi, Rodrigo De Paul, Emiliano \u00abDibu\u00bb Mart\u00ednez y al resto del plantel en la previa del&nbsp;Mundial 2026.<\/strong><\/p>\n\n\n\n<figure class=\"wp-block-image size-large is-resized\"><img loading=\"lazy\" decoding=\"async\" width=\"600\" height=\"126\" src=\"http:\/\/primiciasclorinda.com\/wp-content\/uploads\/2026\/04\/hipergasdeconfianza-5-600x126.jpg\" alt=\"\" class=\"wp-image-133122\" style=\"width:840px;height:auto\" srcset=\"https:\/\/primiciasclorinda.com\/wp-content\/uploads\/2026\/04\/hipergasdeconfianza-5-600x126.jpg 600w, https:\/\/primiciasclorinda.com\/wp-content\/uploads\/2026\/04\/hipergasdeconfianza-5-300x63.jpg 300w, https:\/\/primiciasclorinda.com\/wp-content\/uploads\/2026\/04\/hipergasdeconfianza-5-768x162.jpg 768w, https:\/\/primiciasclorinda.com\/wp-content\/uploads\/2026\/04\/hipergasdeconfianza-5.jpg 950w\" sizes=\"auto, (max-width: 600px) 100vw, 600px\" \/><\/figure>\n\n\n\n<p><strong>Lo que para la AFA fue un negocio m\u00e1s dentro de su esquema comercial, en Misiones se ley\u00f3 como un desaire a una de las econom\u00edas regionales m\u00e1s emblem\u00e1ticas del pa\u00eds.<\/strong><\/p>\n\n\n\n<p><strong>La bronca no tard\u00f3 en escalar entre productores, industriales y dirigentes del sector yerbatero argentino, que vienen atravesando&nbsp;<a href=\"https:\/\/www.iprofesional.com\/actualidad\/449747-cuales-son-y-cuanto-salen-las-marcas-de-yerba-mate-mas-vendidas-en-supermercados\" target=\"_blank\" rel=\"noreferrer noopener\">meses de ca\u00edda del consumo interno, presi\u00f3n sobre los precios<\/a>&nbsp;y un mercado cada vez m\u00e1s sensible a la competencia externa.<\/strong><\/p>\n\n\n\n<p><strong>Una marca brasile\u00f1a en el coraz\u00f3n de un s\u00edmbolo argentino<\/strong><\/p>\n\n\n\n<p><strong>El mate es una costumbre compartida entre futbolistas y cuerpo t\u00e9cnico desde hace a\u00f1os. Las im\u00e1genes de Messi con el termo bajo el brazo o del Dibu cebando en una concentraci\u00f3n se volvieron parte del paisaje habitual de la selecci\u00f3n.<\/strong><\/p>\n\n\n\n<p><strong>Por eso el enojo fue mayor cuando la AFA decidi\u00f3 convertir esa costumbre en un acuerdo comercial con una empresa extranjera.<\/strong><\/p>\n\n\n\n<p><strong>Baldo es una firma centenaria radicada en Rio Grande do Sul, en el sur de Brasil, una zona tradicional de producci\u00f3n de yerba. La marca desembarc\u00f3 formalmente en supermercados argentinos en&nbsp;2024&nbsp;y empez\u00f3 a crecer entre consumidores j\u00f3venes, especialmente entre quienes prefieren la molienda fina conocida como \u00abestilo uruguayo\u00bb.<\/strong><\/p>\n\n\n\n<p><strong>El convenio con la AFA le dio un salto de visibilidad impensado, puesto que ya no se trata solamente de que algunos jugadores la consuman por preferencia personal, sino de que aparezca asociada institucionalmente a&nbsp;la camiseta m\u00e1s valiosa del deporte argentino.<\/strong><\/p>\n\n\n\n<p><strong>En la pr\u00e1ctica, eso significa que una marca producida fuera del pa\u00eds qued\u00f3 vinculada a uno de los s\u00edmbolos nacionales m\u00e1s potentes.<\/strong><\/p>\n\n\n\n<p><strong>Misiones reaccion\u00f3 con furia<\/strong><\/p>\n\n\n\n<p><strong>En Misiones, donde se concentra la mayor parte de la producci\u00f3n yerbatera argentina, la noticia gener\u00f3 malestar inmediato.<\/strong><\/p>\n\n\n\n<p><strong>All\u00ed sostienen que el problema excede una cuesti\u00f3n comercial. Lo que se discute es el mensaje que se transmite cuando la selecci\u00f3n argentina, convertida en marca global, decide asociarse con una yerba extranjera mientras&nbsp;miles de peque\u00f1os productores locales atraviesan una situaci\u00f3n delicada.<\/strong><\/p>\n\n\n\n<p><strong>La reacci\u00f3n incluso lleg\u00f3 al plano pol\u00edtico. Un diputado provincial y productor yerbatero pidi\u00f3 la intervenci\u00f3n del Gobierno nacional para intentar que la AFA revise el acuerdo. La presentaci\u00f3n plante\u00f3 que&nbsp;la yerba mate fue declarada infusi\u00f3n nacional por ley&nbsp;y que una entidad como la AFA deber\u00eda priorizar marcas argentinas para representar esa tradici\u00f3n.<\/strong><\/p>\n\n\n\n<p><strong>Juan Jos\u00e9 \u00abJuanjo\u00bb Szychowski, adem\u00e1s de productor y legislador, es miembro de una familia ligada a la industria yerbatera hist\u00f3rica. Sobre el acuerdo de la AFA con Baldo expres\u00f3: \u00abYo creo que sobre las cuestiones econ\u00f3micas hay cosas que no se pueden tocar. El Diego dec\u00eda que la pelota no se mancha y yo creo que la camiseta a\u00fan menos\u00bb, plante\u00f3 el dirigente. Y agreg\u00f3: \u00abLa camiseta argentina es de todos nosotros, es nuestra identidad\u00bb.<\/strong><\/p>\n\n\n\n<p><strong>Detr\u00e1s del reclamo tambi\u00e9n hay una discusi\u00f3n econ\u00f3mica de fondo, que es que Argentina sigue siendo uno de los principales productores mundiales de yerba mate, pero las marcas brasile\u00f1as ganan espacio entre consumidores de alto poder adquisitivo y ahora tambi\u00e9n dentro del marketing deportivo.<\/strong><\/p>\n\n\n\n<p><strong>\u00abExportamos a&nbsp;m\u00e1s de cincuenta pa\u00edses, con un gran esfuerzo el sector privado y del Estado. Entonces, poner como sponsor de la selecci\u00f3n argentina una yerba brasilera creo que es de muy mal gusto\u00bb, sostuvo otro referente de la industria yerbatera en di\u00e1logo con este medio. \u00abLa yerba mate es nuestra identidad tambi\u00e9n en el mundo. Nos relacionan con el f\u00fatbol y con la yerba mate\u00bb, agreg\u00f3 este importante dirigente yerbatero.<\/strong><\/p>\n\n\n\n<p><strong>En este contexto, directivos de una de las grandes compa\u00f1\u00edas yerbateras de Argentina,&nbsp;no ocult\u00f3 su incomodidad por la decisi\u00f3n de la AFA: \u00abLa&nbsp;yerba mate es identidad nacional. Es cultura, historia y trabajo argentino. Por eso, cuando el pa\u00eds se presente ante el mundo, cuesta entender que no se priorice una yerba producida 100% en nuestra tierra\u00bb.<\/strong><\/p>\n\n\n\n<p><strong>\u00abEl Mundial no es solo f\u00fatbol: es una vidriera global. Y cada s\u00edmbolo cuenta. El mate es una insignia argentina en el mundo, entonces dejar afuera a la industria nacional de yerba en ese escenario, es un error. Una oportunidad perdida de poner a la industria nacional en boca del mundo\u00bb, agregaron.&nbsp;<\/strong><\/p>\n\n\n\n<p><strong>\u00abSi el mate nos representa, que tambi\u00e9n nos represente su origen. Porque defender lo nuestro no es un gesto menor: es una decisi\u00f3n. Orgullosamente argentinos\u00bb, recalcaron.&nbsp;<\/strong><\/p>\n\n\n\n<p><strong>El antecedente que ya hab\u00eda generado ruido en Qatar<\/strong><\/p>\n\n\n\n<p><strong>Para el sector yerbatero, el episodio actual no fue una sorpresa completa. La primera se\u00f1al fuerte hab\u00eda aparecido antes del&nbsp;Mundial de Qatar 2022, cuando en una foto del equipaje oficial de la selecci\u00f3n se vieron paquetes de Canarias, una marca uruguaya elaborada en Brasil.<\/strong><\/p>\n\n\n\n<p><strong>Aquella imagen gener\u00f3 una pol\u00e9mica similar. En ese momento, la explicaci\u00f3n fue que se trataba de una elecci\u00f3n de los propios jugadores. Nadie hablaba todav\u00eda de sponsoreo formal.&nbsp;Lo que hoy cambi\u00f3 es la dimensi\u00f3n del v\u00ednculo: con Baldo como sponsor oficial, aquella costumbre privada se transform\u00f3 en un mensaje p\u00fablico.<\/strong><\/p>\n\n\n\n<p><strong>Era una preferencia interna del grupo, impulsada por futbolistas acostumbrados a ese tipo de yerba durante sus carreras en el exterior.<\/strong><\/p>\n\n\n\n<p><strong>Rei Verde y la pelea dentro del negocio matero<\/strong><\/p>\n\n\n\n<p><strong>La controversia adem\u00e1s abri\u00f3 otra disputa menos visible, que es la pelea entre marcas dentro del creciente negocio internacional del mate.<\/strong><\/p>\n\n\n\n<p><strong>Junto con Baldo apareci\u00f3 tambi\u00e9n el nombre de&nbsp;Rei Verde, otra marca elaborada en Brasil&nbsp;que empez\u00f3 a ganar espacio entre consumidores argentinos y uruguayos. En el mundo matero, ambas empresas compiten en el segmento premium de yerbas de molienda fina, con un perfil muy distinto al producto tradicional argentino.<\/strong><\/p>\n\n\n\n<p><strong>Para muchos productores locales, el problema no es solamente que la selecci\u00f3n tome una marca extranjera, sino que el mayor fen\u00f3meno de promoci\u00f3n posible para cualquier yerbatera hoy est\u00e9 beneficiando a empresas de afuera.<\/strong><\/p>\n\n\n\n<p><strong>En un mercado donde el consumo argentino sigue siendo dominante,&nbsp;la visibilidad internacional que da la selecci\u00f3n puede empujar ventas en toda la regi\u00f3n&nbsp;y abrir nuevos mercados en Europa, Estados Unidos y Medio Oriente. Eso explica por qu\u00e9 en Misiones algunos hablan de un perjuicio econ\u00f3mico indirecto, adem\u00e1s del golpe simb\u00f3lico.<\/strong><\/p>\n\n\n\n<p><strong>Mucho m\u00e1s que una simple elecci\u00f3n de consumo<\/strong><\/p>\n\n\n\n<p><strong>Dentro del plantel nadie parece dispuesto a modificar sus h\u00e1bitos por una discusi\u00f3n pol\u00edtica o productiva. El mate es parte del ritual diario y cada jugador tiene su preferencia<\/strong><\/p>\n\n\n\n<p><strong>Lo que est\u00e1 en debate es c\u00f3mo una econom\u00eda regional hist\u00f3ricamente argentina observa que uno de sus emblemas culturales aparece promocionado por empresas brasile\u00f1as mientras&nbsp;<a href=\"https:\/\/www.iprofesional.com\/negocios\/449351-estas-son-las-marcas-de-yerba-mate-que-mas-compran-los-argentinos\" target=\"_blank\" rel=\"noreferrer noopener\">el propio sector local enfrenta una de sus etapas m\u00e1s delicadas<\/a>. Para la AFA, se trata de un patrocinio m\u00e1s dentro de una estructura comercial cada vez m\u00e1s globalizada.<\/strong><\/p>\n\n\n\n<p><strong>Para los productores yerbateros argentinos, en cambio, el mensaje fue que mientras la selecci\u00f3n representa al pa\u00eds, la marca que aparece al lado del mate ya no.<\/strong><\/p>\n\n\n<figure class=\"wp-block-post-featured-image\"><img loading=\"lazy\" decoding=\"async\" width=\"950\" height=\"600\" src=\"https:\/\/primiciasclorinda.com\/wp-content\/uploads\/2026\/04\/sponsoroficial-7.jpg\" class=\"attachment-post-thumbnail size-post-thumbnail wp-post-image\" alt=\"\" style=\"object-fit:cover;\" srcset=\"https:\/\/primiciasclorinda.com\/wp-content\/uploads\/2026\/04\/sponsoroficial-7.jpg 950w, https:\/\/primiciasclorinda.com\/wp-content\/uploads\/2026\/04\/sponsoroficial-7-300x189.jpg 300w, https:\/\/primiciasclorinda.com\/wp-content\/uploads\/2026\/04\/sponsoroficial-7-475x300.jpg 475w, https:\/\/primiciasclorinda.com\/wp-content\/uploads\/2026\/04\/sponsoroficial-7-768x485.jpg 768w\" sizes=\"auto, (max-width: 950px) 100vw, 950px\" \/><\/figure>","protected":false},"excerpt":{"rendered":"<div class=\"mh-excerpt\"><p>Productores nacionales expresaron su indignaci\u00f3n tras el acuerdo comercial con una marca extranjera en medio de una crisis del sector yerbatero La Asociaci\u00f3n del F\u00fatbol <a class=\"mh-excerpt-more\" href=\"https:\/\/primiciasclorinda.com\/?p=136846\" title=\"Bronca total de productores: la AFA y la Selecci\u00f3n toman mate con yerba brasile\u00f1a con la industria local en crisis\">[&#8230;]<\/a><\/p>\n<\/div>","protected":false},"author":3,"featured_media":136842,"comment_status":"open","ping_status":"open","sticky":false,"template":"","format":"standard","meta":{"footnotes":""},"categories":[3],"tags":[294,7151,377,7153,7152],"class_list":["post-136846","post","type-post","status-publish","format-standard","has-post-thumbnail","hentry","category-politica-economia","tag-afa","tag-productores-yerbateros","tag-seleccion-argentina","tag-sponsor","tag-yerba-brasilera"],"_links":{"self":[{"href":"https:\/\/primiciasclorinda.com\/index.php?rest_route=\/wp\/v2\/posts\/136846","targetHints":{"allow":["GET"]}}],"collection":[{"href":"https:\/\/primiciasclorinda.com\/index.php?rest_route=\/wp\/v2\/posts"}],"about":[{"href":"https:\/\/primiciasclorinda.com\/index.php?rest_route=\/wp\/v2\/types\/post"}],"author":[{"embeddable":true,"href":"https:\/\/primiciasclorinda.com\/index.php?rest_route=\/wp\/v2\/users\/3"}],"replies":[{"embeddable":true,"href":"https:\/\/primiciasclorinda.com\/index.php?rest_route=%2Fwp%2Fv2%2Fcomments&post=136846"}],"version-history":[{"count":1,"href":"https:\/\/primiciasclorinda.com\/index.php?rest_route=\/wp\/v2\/posts\/136846\/revisions"}],"predecessor-version":[{"id":136847,"href":"https:\/\/primiciasclorinda.com\/index.php?rest_route=\/wp\/v2\/posts\/136846\/revisions\/136847"}],"wp:featuredmedia":[{"embeddable":true,"href":"https:\/\/primiciasclorinda.com\/index.php?rest_route=\/wp\/v2\/media\/136842"}],"wp:attachment":[{"href":"https:\/\/primiciasclorinda.com\/index.php?rest_route=%2Fwp%2Fv2%2Fmedia&parent=136846"}],"wp:term":[{"taxonomy":"category","embeddable":true,"href":"https:\/\/primiciasclorinda.com\/index.php?rest_route=%2Fwp%2Fv2%2Fcategories&post=136846"},{"taxonomy":"post_tag","embeddable":true,"href":"https:\/\/primiciasclorinda.com\/index.php?rest_route=%2Fwp%2Fv2%2Ftags&post=136846"}],"curies":[{"name":"wp","href":"https:\/\/api.w.org\/{rel}","templated":true}]}}