{"id":136322,"date":"2026-04-25T08:50:19","date_gmt":"2026-04-25T11:50:19","guid":{"rendered":"https:\/\/primiciasclorinda.com\/?p=136322"},"modified":"2026-04-25T08:50:19","modified_gmt":"2026-04-25T11:50:19","slug":"clorinda-efectivos-policiales-se-habrian-realizado-un-allanamiento-en-un-domicilio-particular","status":"publish","type":"post","link":"https:\/\/primiciasclorinda.com\/?p=136322","title":{"rendered":"Clorinda. Efectivos policiales se habr\u00edan realizado un allanamiento en un domicilio particular"},"content":{"rendered":"\n<p><strong>Efectivos policiales se encuentran realizando un allanamiento en un domicilio particular, con orden judicial librada por el Juzgado de Menores de Clorinda, tras una denuncia radicada por directivos del establecimiento educativo.<\/strong><\/p>\n\n\n\n<p><strong>La medida se origin\u00f3 luego de que se hubiera detectado en la mochila de un alumno una r\u00e9plica de arma de fuego, la cual habr\u00eda sido ingresada al establecimiento.<\/strong><\/p>\n\n\n\n<p><strong>Durante el procedimiento, los uniformados buscan elementos de inter\u00e9s para la causa, el procedimiento contin\u00faa. (Rub\u00e9n Valentin Godoy)<\/strong><\/p>\n\n\n\n<p><strong>CLORINDA: COMUNICADO OFICIAL ANTE VERSIONES DIFUNDIDAS EN REDES SOCIALES<\/strong><\/p>\n\n\n\n<figure class=\"wp-block-image size-large is-resized\"><img loading=\"lazy\" decoding=\"async\" width=\"600\" height=\"126\" src=\"http:\/\/primiciasclorinda.com\/wp-content\/uploads\/2026\/04\/hipergasdeconfianza-5-600x126.jpg\" alt=\"\" class=\"wp-image-133122\" style=\"width:840px;height:auto\" srcset=\"https:\/\/primiciasclorinda.com\/wp-content\/uploads\/2026\/04\/hipergasdeconfianza-5-600x126.jpg 600w, https:\/\/primiciasclorinda.com\/wp-content\/uploads\/2026\/04\/hipergasdeconfianza-5-300x63.jpg 300w, https:\/\/primiciasclorinda.com\/wp-content\/uploads\/2026\/04\/hipergasdeconfianza-5-768x162.jpg 768w, https:\/\/primiciasclorinda.com\/wp-content\/uploads\/2026\/04\/hipergasdeconfianza-5.jpg 950w\" sizes=\"auto, (max-width: 600px) 100vw, 600px\" \/><\/figure>\n\n\n\n<p><strong>Ante versiones que circulan a trav\u00e9s de redes sociales y diferentes medios digitales de que la polic\u00eda hab\u00eda sugerido que en el Instituto Santa Catalina Laboure no se dictare clases en la fecha por una situaci\u00f3n ocurrida en la tarde de ayer, la Jefatura de la Unidad Regional Tres informa a la comunidad que la informaci\u00f3n difundida no se ajusta a la realidad de los hechos.<\/strong><\/p>\n\n\n\n<p><strong>En este sentido, se aclara que personal policial intervino oportunamente en la situaci\u00f3n mencionada, d\u00e1ndose intervenci\u00f3n al Juzgado de Menores quien dispuso la confecci\u00f3n de un expediente Judicial con testimonios, fotograf\u00edas, pericias y toda otra diligencia procesal que fuera necesario llevar adelante para el esclarecimiento del caso.<\/strong><\/p>\n\n\n\n<p><strong>Se inform\u00f3 a la Asesora de Menores, quien dispuso que se de intervenci\u00f3n a la Direcci\u00f3n de Ni\u00f1ez y Adolescencia, a fin de que se tome intervenci\u00f3n directa del hecho, y en cuanto al SETIC, se trabaje sobre la conducta de dos alumnos puntualmente.<\/strong><\/p>\n\n\n\n<p><strong>Que a ra\u00edz de todo eso, los directivos del propio Instituto, dentro de las facultades que le son propias, dispusieron que en el turno ma\u00f1ana del d\u00eda de la fecha, no dictar\u00edan clases.<\/strong><\/p>\n\n\n\n<p><strong>Esta decisi\u00f3n es ajena a la Autoridad Policial, siendo una disposici\u00f3n meramente interna del establecimiento, que al tomar intervenci\u00f3n en una situaci\u00f3n ocurrida activaron el correspondiente Protocolo de Prevenci\u00f3n.<\/strong><\/p>\n\n\n\n<p><strong>Asimismo, se solicita a la ciudadan\u00eda evitar la difusi\u00f3n de informaci\u00f3n no verificada, ya que este tipo de publicaciones puede generar confusi\u00f3n y preocupaci\u00f3n innecesaria en la comunidad.<\/strong><\/p>\n\n\n\n<p><strong>La Instituci\u00f3n reitera que, ante cualquier hecho de inter\u00e9s p\u00fablico, la informaci\u00f3n oficial ser\u00e1 difundida a trav\u00e9s de los canales institucionales correspondientes.<\/strong><\/p>\n\n\n\n<p><strong>EL MINISTERIO ACTIV\u00d3 EL PROTOCOLO EN ESCUELAS: C\u00d3MO SE ABORDA CADA SITUACI\u00d3N<\/strong><\/p>\n\n\n\n<p><strong>El Ministerio de Cultura y Educaci\u00f3n de Formosa confirm\u00f3 que en las \u00faltimas semanas se activaron protocolos de seguridad en algunas instituciones educativas de la provincia, a partir de situaciones que generaron preocupaci\u00f3n dentro de la comunidad escolar. As\u00ed lo explic\u00f3 el psicopedagogo Carlos Silva, integrante del equipo t\u00e9cnico del organismo, quien remarc\u00f3 que, a trav\u00e9s de este trabajo, se garantiza la seguridad en los establecimientos.<\/strong><\/p>\n\n\n\n<p><strong>Silva indic\u00f3 que la aplicaci\u00f3n del protocolo responde a una resoluci\u00f3n vigente que organiza la intervenci\u00f3n en tres niveles: prevenci\u00f3n, detecci\u00f3n e intervenci\u00f3n. Seg\u00fan precis\u00f3, cada caso es evaluado en conjunto con las autoridades de la instituci\u00f3n involucrada, y luego se articula la asistencia del equipo interdisciplinario del Ministerio.<\/strong><\/p>\n\n\n\n<p><strong>En declaraciones a La Ma\u00f1ana, se\u00f1al\u00f3 que \u201cen estas semanas se fueron activando los protocolos en algunas instituciones educativas\u201d, y explic\u00f3 que, una vez que se toma conocimiento de un hecho, \u201cse hace un an\u00e1lisis con las autoridades institucionales y se acompa\u00f1a el proceso para llevar tranquilidad a la comunidad\u201d.<\/strong><\/p>\n\n\n<figure class=\"wp-block-post-featured-image\"><img loading=\"lazy\" decoding=\"async\" width=\"950\" height=\"600\" src=\"https:\/\/primiciasclorinda.com\/wp-content\/uploads\/2026\/04\/frentesantacatalina.jpg\" class=\"attachment-post-thumbnail size-post-thumbnail wp-post-image\" alt=\"\" style=\"object-fit:cover;\" srcset=\"https:\/\/primiciasclorinda.com\/wp-content\/uploads\/2026\/04\/frentesantacatalina.jpg 950w, https:\/\/primiciasclorinda.com\/wp-content\/uploads\/2026\/04\/frentesantacatalina-300x189.jpg 300w, https:\/\/primiciasclorinda.com\/wp-content\/uploads\/2026\/04\/frentesantacatalina-475x300.jpg 475w, https:\/\/primiciasclorinda.com\/wp-content\/uploads\/2026\/04\/frentesantacatalina-768x485.jpg 768w\" sizes=\"auto, (max-width: 950px) 100vw, 950px\" \/><\/figure>","protected":false},"excerpt":{"rendered":"<div class=\"mh-excerpt\"><p>Efectivos policiales se encuentran realizando un allanamiento en un domicilio particular, con orden judicial librada por el Juzgado de Menores de Clorinda, tras una denuncia <a class=\"mh-excerpt-more\" href=\"https:\/\/primiciasclorinda.com\/?p=136322\" title=\"Clorinda. Efectivos policiales se habr\u00edan realizado un allanamiento en un domicilio particular\">[&#8230;]<\/a><\/p>\n<\/div>","protected":false},"author":3,"featured_media":136307,"comment_status":"open","ping_status":"open","sticky":false,"template":"","format":"standard","meta":{"footnotes":""},"categories":[5431,6],"tags":[2412,7143,26,147],"class_list":["post-136322","post","type-post","status-publish","format-standard","has-post-thumbnail","hentry","category-clorinda","category-cultura","tag-allanamiento","tag-armas-de-fuego","tag-clorinda","tag-instituto-santa-catalina-laboure"],"_links":{"self":[{"href":"https:\/\/primiciasclorinda.com\/index.php?rest_route=\/wp\/v2\/posts\/136322","targetHints":{"allow":["GET"]}}],"collection":[{"href":"https:\/\/primiciasclorinda.com\/index.php?rest_route=\/wp\/v2\/posts"}],"about":[{"href":"https:\/\/primiciasclorinda.com\/index.php?rest_route=\/wp\/v2\/types\/post"}],"author":[{"embeddable":true,"href":"https:\/\/primiciasclorinda.com\/index.php?rest_route=\/wp\/v2\/users\/3"}],"replies":[{"embeddable":true,"href":"https:\/\/primiciasclorinda.com\/index.php?rest_route=%2Fwp%2Fv2%2Fcomments&post=136322"}],"version-history":[{"count":1,"href":"https:\/\/primiciasclorinda.com\/index.php?rest_route=\/wp\/v2\/posts\/136322\/revisions"}],"predecessor-version":[{"id":136323,"href":"https:\/\/primiciasclorinda.com\/index.php?rest_route=\/wp\/v2\/posts\/136322\/revisions\/136323"}],"wp:featuredmedia":[{"embeddable":true,"href":"https:\/\/primiciasclorinda.com\/index.php?rest_route=\/wp\/v2\/media\/136307"}],"wp:attachment":[{"href":"https:\/\/primiciasclorinda.com\/index.php?rest_route=%2Fwp%2Fv2%2Fmedia&parent=136322"}],"wp:term":[{"taxonomy":"category","embeddable":true,"href":"https:\/\/primiciasclorinda.com\/index.php?rest_route=%2Fwp%2Fv2%2Fcategories&post=136322"},{"taxonomy":"post_tag","embeddable":true,"href":"https:\/\/primiciasclorinda.com\/index.php?rest_route=%2Fwp%2Fv2%2Ftags&post=136322"}],"curies":[{"name":"wp","href":"https:\/\/api.w.org\/{rel}","templated":true}]}}