{"id":136318,"date":"2026-04-25T08:44:36","date_gmt":"2026-04-25T11:44:36","guid":{"rendered":"https:\/\/primiciasclorinda.com\/?p=136318"},"modified":"2026-04-25T08:44:37","modified_gmt":"2026-04-25T11:44:37","slug":"el-consejo-profesional-de-la-abogacia-realizo-en-clorinda-una-capacitacion-sobre-la-reforma-laboral","status":"publish","type":"post","link":"https:\/\/primiciasclorinda.com\/?p=136318","title":{"rendered":"El Consejo Profesional de la Abogac\u00eda realiz\u00f3 en Clorinda una capacitaci\u00f3n sobre la reforma laboral"},"content":{"rendered":"\n<p><strong>Desde la entidad que nuclea a los abogados formose\u00f1os se prev\u00e9 la realizaci\u00f3n en distintas jurisdicciones de encuentros similares al que se dict\u00f3 en la segunda ciudad de la provincia.<\/strong><\/p>\n\n\n\n<p><strong>En la ciudad de Clorinda, el Consejo Profesional de la Abogac\u00eda de Formosa realiz\u00f3 este viernes 24 una jornada de capacitaci\u00f3n sobre la reforma laboral impulsada por el Gobierno del presidente Javier Milei, recientemente ratificada judicialmente tras sendas apelaciones de la CGT.&nbsp;<\/strong><\/p>\n\n\n\n<figure class=\"wp-block-image size-large is-resized\"><img loading=\"lazy\" decoding=\"async\" width=\"600\" height=\"126\" src=\"http:\/\/primiciasclorinda.com\/wp-content\/uploads\/2026\/04\/hipergasdeconfianza-5-600x126.jpg\" alt=\"\" class=\"wp-image-133122\" style=\"width:840px;height:auto\" srcset=\"https:\/\/primiciasclorinda.com\/wp-content\/uploads\/2026\/04\/hipergasdeconfianza-5-600x126.jpg 600w, https:\/\/primiciasclorinda.com\/wp-content\/uploads\/2026\/04\/hipergasdeconfianza-5-300x63.jpg 300w, https:\/\/primiciasclorinda.com\/wp-content\/uploads\/2026\/04\/hipergasdeconfianza-5-768x162.jpg 768w, https:\/\/primiciasclorinda.com\/wp-content\/uploads\/2026\/04\/hipergasdeconfianza-5.jpg 950w\" sizes=\"auto, (max-width: 600px) 100vw, 600px\" \/><\/figure>\n\n\n\n<p><strong>La actividad fue libre y gratuita y estuvo destinada a profesionales del Derecho, destac\u00f3 el presidente del Consejo, Horacio Gorleri, quien al dialogar con Agencia de Noticias Formosa (AGENFOR), dijo que se analiz\u00f3 \u201ceste importante tema que atraviesa a la sociedad y al mundo jur\u00eddico\u201d.&nbsp;<\/strong><\/p>\n\n\n\n<p><strong>En ese sentido, subray\u00f3 que \u201cla participaci\u00f3n fue masiva y adem\u00e1s asistieron profesionales de las Ciencias Econ\u00f3micas\u201d.&nbsp;<\/strong><\/p>\n\n\n\n<p><strong>\u201cDesde el Consejo sostenemos que es sumamente relevante tener la mirada de los diferentes actores, como ser jueces y colegas del foro local\u201d, enfatiz\u00f3 y le agradeci\u00f3 a la fiscal de Estado, Stella Maris Zabala, al Gobierno de Formosa y a la Municipalidad de Clorinda por sus aportes en la organizaci\u00f3n del encuentro.&nbsp;<\/strong><\/p>\n\n\n\n<p><strong>Para finalizar, adelant\u00f3 que \u201ctenemos en agenda llegar con este curso a distintas jurisdicciones de la provincia para poder capacitar de manera gratuita a los colegas\u201d, cerr\u00f3.<\/strong><\/p>\n\n\n<figure class=\"wp-block-post-featured-image\"><img loading=\"lazy\" decoding=\"async\" width=\"950\" height=\"600\" src=\"https:\/\/primiciasclorinda.com\/wp-content\/uploads\/2026\/04\/profesionalesclorinda-3.jpg\" class=\"attachment-post-thumbnail size-post-thumbnail wp-post-image\" alt=\"\" style=\"object-fit:cover;\" srcset=\"https:\/\/primiciasclorinda.com\/wp-content\/uploads\/2026\/04\/profesionalesclorinda-3.jpg 950w, https:\/\/primiciasclorinda.com\/wp-content\/uploads\/2026\/04\/profesionalesclorinda-3-300x189.jpg 300w, https:\/\/primiciasclorinda.com\/wp-content\/uploads\/2026\/04\/profesionalesclorinda-3-475x300.jpg 475w, https:\/\/primiciasclorinda.com\/wp-content\/uploads\/2026\/04\/profesionalesclorinda-3-768x485.jpg 768w\" sizes=\"auto, (max-width: 950px) 100vw, 950px\" \/><\/figure>","protected":false},"excerpt":{"rendered":"<div class=\"mh-excerpt\"><p>Desde la entidad que nuclea a los abogados formose\u00f1os se prev\u00e9 la realizaci\u00f3n en distintas jurisdicciones de encuentros similares al que se dict\u00f3 en la <a class=\"mh-excerpt-more\" href=\"https:\/\/primiciasclorinda.com\/?p=136318\" title=\"El Consejo Profesional de la Abogac\u00eda realiz\u00f3 en Clorinda una capacitaci\u00f3n sobre la reforma laboral\">[&#8230;]<\/a><\/p>\n<\/div>","protected":false},"author":3,"featured_media":136306,"comment_status":"open","ping_status":"open","sticky":false,"template":"","format":"standard","meta":{"footnotes":""},"categories":[5431,4688,6],"tags":[7142,26,1679],"class_list":["post-136318","post","type-post","status-publish","format-standard","has-post-thumbnail","hentry","category-clorinda","category-judiciales","category-cultura","tag-capacitacionmreforma-laboral","tag-clorinda","tag-consejo-profesional-de-la-abogacia"],"_links":{"self":[{"href":"https:\/\/primiciasclorinda.com\/index.php?rest_route=\/wp\/v2\/posts\/136318","targetHints":{"allow":["GET"]}}],"collection":[{"href":"https:\/\/primiciasclorinda.com\/index.php?rest_route=\/wp\/v2\/posts"}],"about":[{"href":"https:\/\/primiciasclorinda.com\/index.php?rest_route=\/wp\/v2\/types\/post"}],"author":[{"embeddable":true,"href":"https:\/\/primiciasclorinda.com\/index.php?rest_route=\/wp\/v2\/users\/3"}],"replies":[{"embeddable":true,"href":"https:\/\/primiciasclorinda.com\/index.php?rest_route=%2Fwp%2Fv2%2Fcomments&post=136318"}],"version-history":[{"count":1,"href":"https:\/\/primiciasclorinda.com\/index.php?rest_route=\/wp\/v2\/posts\/136318\/revisions"}],"predecessor-version":[{"id":136319,"href":"https:\/\/primiciasclorinda.com\/index.php?rest_route=\/wp\/v2\/posts\/136318\/revisions\/136319"}],"wp:featuredmedia":[{"embeddable":true,"href":"https:\/\/primiciasclorinda.com\/index.php?rest_route=\/wp\/v2\/media\/136306"}],"wp:attachment":[{"href":"https:\/\/primiciasclorinda.com\/index.php?rest_route=%2Fwp%2Fv2%2Fmedia&parent=136318"}],"wp:term":[{"taxonomy":"category","embeddable":true,"href":"https:\/\/primiciasclorinda.com\/index.php?rest_route=%2Fwp%2Fv2%2Fcategories&post=136318"},{"taxonomy":"post_tag","embeddable":true,"href":"https:\/\/primiciasclorinda.com\/index.php?rest_route=%2Fwp%2Fv2%2Ftags&post=136318"}],"curies":[{"name":"wp","href":"https:\/\/api.w.org\/{rel}","templated":true}]}}