{"id":136316,"date":"2026-04-25T08:42:22","date_gmt":"2026-04-25T11:42:22","guid":{"rendered":"https:\/\/primiciasclorinda.com\/?p=136316"},"modified":"2026-04-25T08:42:23","modified_gmt":"2026-04-25T11:42:23","slug":"comando-de-emergencia-trabaja-en-las-lomitas-en-auxilio-de-las-familias-afectadas-por-las-lluvias","status":"publish","type":"post","link":"https:\/\/primiciasclorinda.com\/?p=136316","title":{"rendered":"Comando de Emergencia trabaja en Las Lomitas en auxilio de las familias afectadas por las lluvias"},"content":{"rendered":"\n<p><strong><em>El Gobierno provincial est\u00e1 interviniendo all\u00ed con todas sus \u00e1reas ante la ausencia y el abandono de la gesti\u00f3n municipal. &nbsp;<\/em><\/strong><\/p>\n\n\n\n<p><strong>La ministra de la Comunidad, la licenciada Gloria Gim\u00e9nez, integra el Comando de Emergencia que se conform\u00f3 con todas las \u00e1reas del Gobierno de Formosa en la localidad de Las Lomitas ante la ausencia y el abandono de la Municipalidad local, el cual este viernes 24 estuvo reunido durante la ma\u00f1ana para llevar ayuda a las familias afectadas por las lluvias que se registraron en los \u00faltimos d\u00edas.<\/strong><\/p>\n\n\n\n<figure class=\"wp-block-image size-large is-resized\"><img loading=\"lazy\" decoding=\"async\" width=\"600\" height=\"126\" src=\"http:\/\/primiciasclorinda.com\/wp-content\/uploads\/2026\/04\/hipergasdeconfianza-5-600x126.jpg\" alt=\"\" class=\"wp-image-133122\" style=\"width:840px;height:auto\" srcset=\"https:\/\/primiciasclorinda.com\/wp-content\/uploads\/2026\/04\/hipergasdeconfianza-5-600x126.jpg 600w, https:\/\/primiciasclorinda.com\/wp-content\/uploads\/2026\/04\/hipergasdeconfianza-5-300x63.jpg 300w, https:\/\/primiciasclorinda.com\/wp-content\/uploads\/2026\/04\/hipergasdeconfianza-5-768x162.jpg 768w, https:\/\/primiciasclorinda.com\/wp-content\/uploads\/2026\/04\/hipergasdeconfianza-5.jpg 950w\" sizes=\"auto, (max-width: 600px) 100vw, 600px\" \/><\/figure>\n\n\n\n<p><strong>En declaraciones que recogi\u00f3 la&nbsp;<em>Agencia de Noticias Formosa (AGENFOR)<\/em>, Gim\u00e9nez indic\u00f3 que fue \u201cante el llamado y la preocupaci\u00f3n del concejal Jorge Mart\u00ednez Meza y el equipo de la Unidad Justicialista que el Gobierno de Formosa ya est\u00e1 trabajando\u201d en el lugar con la misi\u00f3n de \u201cdar respuestas a las necesidades puntuales que tiene la gente\u201d.<\/strong><\/p>\n\n\n\n<p><strong>Por eso, \u201cestamos ac\u00e1 como Gobierno, como lo est\u00e1 todos los d\u00edas la gesti\u00f3n del gobernador Gildo Insfr\u00e1n a trav\u00e9s de todas sus \u00e1reas\u201d, acentu\u00f3, a diferencia de la Municipalidad local que \u201cest\u00e1 totalmente ausente\u201d, a pesar de ello, remarc\u00f3 que se est\u00e1 haciendo un \u201cgran despliegue\u201d.<\/strong><\/p>\n\n\n\n<p><strong>Tanto en esa comunidad, que est\u00e1 ubicada en el centro provincial, m\u00e1s precisamente del Departamento Pati\u00f1o, como \u201cen toda la provincia, ya que la situaci\u00f3n es compleja\u201d, dado que \u201cel fen\u00f3meno natural de El Ni\u00f1o se va haciendo presente por zonas de la provincia\u201d, el cual \u201ctambi\u00e9n est\u00e1 afectando a gran parte de la Argentina e incluso pa\u00edses de la regi\u00f3n\u201d, explic\u00f3.<\/strong><\/p>\n\n\n\n<p><strong>Seg\u00fan sostienen \u201clos especialistas este fen\u00f3meno se prolongar\u00e1 por un tiempo al menos por tres meses m\u00e1s\u201d, por lo que entonces, reclam\u00f3 que \u201ces imperioso que la gesti\u00f3n local se acerque al Gobierno provincial, ya que es sumamente necesario que lo haga para que as\u00ed se comprometa con acciones que se deben llevar adelante\u201d.<\/strong><\/p>\n\n\n\n<p><strong>Principalmente porque son tareas de \u201cuna gran envergadura dada la emergencia\u201d, enfatiz\u00f3 la ministra, quien valor\u00f3 que en esta situaci\u00f3n&nbsp;\u201cr\u00e1pidamente el Gobierno de Formosa est\u00e1 dando respuestas con todos los equipos de las distintas \u00e1reas\u201d.<\/strong><\/p>\n\n\n\n<p><strong>La intervenci\u00f3n se est\u00e1 llevando adelante en las distintas localidades afectadas por las inundaciones producto de registros de lluvias superiores a lo normal, es decir, por encima de los 200 mil\u00edmetros. Por ejemplo,&nbsp; en Comandante Fontana, General Belgrano, Siete Palmas, Buena Vista y \u201cas\u00ed en los lugares que lo requieran. Es un trabajo continuo, permanente e integral\u201d, sostuvo contundente.<\/strong><\/p>\n\n\n\n<p><strong>Accionar de la Polic\u00eda<\/strong><\/p>\n\n\n\n<p><strong>Por su parte, el jefe de la Unidad Regional N\u00b0 5 de la Polic\u00eda de Formosa, el comisario general N\u00e9stor Ricardo Garc\u00eda, particip\u00f3 de la reuni\u00f3n del Comando de Emergencia y declar\u00f3: \u201cEstamos trabajando intensamente porque desde el lunes y los d\u00edas siguientes de esta semana, pr\u00e1cticamente, se acumul\u00f3 agua de m\u00e1s de 170 mil\u00edmetros de lluvias\u201d.<\/strong><\/p>\n\n\n\n<p><strong>\u201cY esto l\u00f3gicamente tuvo una incidencia a nivel social y estructural por la falta de limpieza de desag\u00fces\u201d. Ante esa situaci\u00f3n, inform\u00f3 que \u201cel trabajo de la Polic\u00eda es justamente articular con los vecinos y recorrer los barrios para certificar la asistencia que est\u00e1n recibiendo ellos ante las inclemencias clim\u00e1ticas\u201d.<\/strong><\/p>\n\n\n\n<p><strong>Por ello, coment\u00f3 que \u201cel jueves 23 se estuvo haciendo un recorrido por los barrios de zona norte como sur de la localidad\u00bb lomitense, instancia en la cual \u201cse observaron las tareas que se est\u00e1n haciendo de all\u00ed\u201d, articuladas entre los diferentes organismos provinciales.<\/strong><strong>Con el fin de seguir con esta acci\u00f3n se reuni\u00f3 el Comando de Emergencia, el cual \u201cse lo conform\u00f3 exclusivamente para asistir a las personas damnificadas\u201d, recalc\u00f3 el comisario general.<\/strong><\/p>\n\n\n<figure class=\"wp-block-post-featured-image\"><img loading=\"lazy\" decoding=\"async\" width=\"950\" height=\"600\" src=\"https:\/\/primiciasclorinda.com\/wp-content\/uploads\/2026\/04\/aguaenlaslomitas-1.jpg\" class=\"attachment-post-thumbnail size-post-thumbnail wp-post-image\" alt=\"\" style=\"object-fit:cover;\" srcset=\"https:\/\/primiciasclorinda.com\/wp-content\/uploads\/2026\/04\/aguaenlaslomitas-1.jpg 950w, https:\/\/primiciasclorinda.com\/wp-content\/uploads\/2026\/04\/aguaenlaslomitas-1-300x189.jpg 300w, https:\/\/primiciasclorinda.com\/wp-content\/uploads\/2026\/04\/aguaenlaslomitas-1-475x300.jpg 475w, https:\/\/primiciasclorinda.com\/wp-content\/uploads\/2026\/04\/aguaenlaslomitas-1-768x485.jpg 768w\" sizes=\"auto, (max-width: 950px) 100vw, 950px\" \/><\/figure>","protected":false},"excerpt":{"rendered":"<div class=\"mh-excerpt\"><p>El Gobierno provincial est\u00e1 interviniendo all\u00ed con todas sus \u00e1reas ante la ausencia y el abandono de la gesti\u00f3n municipal. &nbsp; La ministra de la <a class=\"mh-excerpt-more\" href=\"https:\/\/primiciasclorinda.com\/?p=136316\" title=\"Comando de Emergencia trabaja en Las Lomitas en auxilio de las familias afectadas por las lluvias\">[&#8230;]<\/a><\/p>\n<\/div>","protected":false},"author":3,"featured_media":136308,"comment_status":"open","ping_status":"open","sticky":false,"template":"","format":"standard","meta":{"footnotes":""},"categories":[3],"tags":[4589,7141,58,735],"class_list":["post-136316","post","type-post","status-publish","format-standard","has-post-thumbnail","hentry","category-politica-economia","tag-comando-de-emergencia","tag-familias-afectadas","tag-gobierno-de-formosa","tag-las-lomitas"],"_links":{"self":[{"href":"https:\/\/primiciasclorinda.com\/index.php?rest_route=\/wp\/v2\/posts\/136316","targetHints":{"allow":["GET"]}}],"collection":[{"href":"https:\/\/primiciasclorinda.com\/index.php?rest_route=\/wp\/v2\/posts"}],"about":[{"href":"https:\/\/primiciasclorinda.com\/index.php?rest_route=\/wp\/v2\/types\/post"}],"author":[{"embeddable":true,"href":"https:\/\/primiciasclorinda.com\/index.php?rest_route=\/wp\/v2\/users\/3"}],"replies":[{"embeddable":true,"href":"https:\/\/primiciasclorinda.com\/index.php?rest_route=%2Fwp%2Fv2%2Fcomments&post=136316"}],"version-history":[{"count":1,"href":"https:\/\/primiciasclorinda.com\/index.php?rest_route=\/wp\/v2\/posts\/136316\/revisions"}],"predecessor-version":[{"id":136317,"href":"https:\/\/primiciasclorinda.com\/index.php?rest_route=\/wp\/v2\/posts\/136316\/revisions\/136317"}],"wp:featuredmedia":[{"embeddable":true,"href":"https:\/\/primiciasclorinda.com\/index.php?rest_route=\/wp\/v2\/media\/136308"}],"wp:attachment":[{"href":"https:\/\/primiciasclorinda.com\/index.php?rest_route=%2Fwp%2Fv2%2Fmedia&parent=136316"}],"wp:term":[{"taxonomy":"category","embeddable":true,"href":"https:\/\/primiciasclorinda.com\/index.php?rest_route=%2Fwp%2Fv2%2Fcategories&post=136316"},{"taxonomy":"post_tag","embeddable":true,"href":"https:\/\/primiciasclorinda.com\/index.php?rest_route=%2Fwp%2Fv2%2Ftags&post=136316"}],"curies":[{"name":"wp","href":"https:\/\/api.w.org\/{rel}","templated":true}]}}