{"id":13617,"date":"2019-03-21T20:17:54","date_gmt":"2019-03-21T23:17:54","guid":{"rendered":"http:\/\/primiciasclorinda.com\/?p=13617"},"modified":"2019-03-21T20:20:47","modified_gmt":"2019-03-21T23:20:47","slug":"continua-corte-de-ruta-en-clorinda-por-incremento-en-tarifas-de-luz","status":"publish","type":"post","link":"https:\/\/primiciasclorinda.com\/?p=13617","title":{"rendered":"Contin\u00faa corte de ruta en Clorinda por incremento en tarifas de luz"},"content":{"rendered":"<p style=\"text-align: justify;\">Un grupo de vecinos autoconvocados a trav\u00e9s de redes sociales se encuentra cortando la Ruta Nacional N\u00b0 11 en el acceso Sur de nuestra ciudad. El mismo se dio en reclamo por los incrementos que hubo en el \u00faltimo mes en las tarifas de energ\u00eda el\u00e9ctricas.<\/p>\n<p style=\"text-align: justify;\">Los manifestantes, que al momento suman m\u00e1s de cuarenta, decidieron cortar el acceso a Clorinda en inmediaciones al Autom\u00f3vil Club Argentino, y hasta el momento la fila de veh\u00edculos, camiones en su mayor\u00eda, est\u00e1n imposibilitados de continuar su normal tr\u00e1nsito por esta v\u00eda. Por lo pronto los vecinos convocados por propia voluntad no informaron hasta cu\u00e1ndo realizar\u00e1n la medida de fuerza.<\/p>\n<p style=\"text-align: justify;\">Al cierre de esta edici\u00f3n, directivos de REFSA y Concejales del HCD se encontraban reunidos para definir posibles soluciones a los reclamos.<\/p>\n<p style=\"text-align: justify;\">Foto: Rub\u00e9n Valent\u00edn Godoy<\/p>\n","protected":false},"excerpt":{"rendered":"<div class=\"mh-excerpt\"><p>Un grupo de vecinos autoconvocados a trav\u00e9s de redes sociales se encuentra cortando la Ruta Nacional N\u00b0 11 en el acceso Sur de nuestra ciudad. <a class=\"mh-excerpt-more\" href=\"https:\/\/primiciasclorinda.com\/?p=13617\" title=\"Contin\u00faa corte de ruta en Clorinda por incremento en tarifas de luz\">[&#8230;]<\/a><\/p>\n<\/div>","protected":false},"author":3,"featured_media":13618,"comment_status":"open","ping_status":"open","sticky":false,"template":"","format":"standard","meta":{"footnotes":""},"categories":[4,3],"tags":[26,2403,458],"class_list":["post-13617","post","type-post","status-publish","format-standard","has-post-thumbnail","hentry","category-informacion-general","category-politica-economia","tag-clorinda","tag-corte-ruta-11","tag-tarifazo"],"_links":{"self":[{"href":"https:\/\/primiciasclorinda.com\/index.php?rest_route=\/wp\/v2\/posts\/13617","targetHints":{"allow":["GET"]}}],"collection":[{"href":"https:\/\/primiciasclorinda.com\/index.php?rest_route=\/wp\/v2\/posts"}],"about":[{"href":"https:\/\/primiciasclorinda.com\/index.php?rest_route=\/wp\/v2\/types\/post"}],"author":[{"embeddable":true,"href":"https:\/\/primiciasclorinda.com\/index.php?rest_route=\/wp\/v2\/users\/3"}],"replies":[{"embeddable":true,"href":"https:\/\/primiciasclorinda.com\/index.php?rest_route=%2Fwp%2Fv2%2Fcomments&post=13617"}],"version-history":[{"count":2,"href":"https:\/\/primiciasclorinda.com\/index.php?rest_route=\/wp\/v2\/posts\/13617\/revisions"}],"predecessor-version":[{"id":13624,"href":"https:\/\/primiciasclorinda.com\/index.php?rest_route=\/wp\/v2\/posts\/13617\/revisions\/13624"}],"wp:featuredmedia":[{"embeddable":true,"href":"https:\/\/primiciasclorinda.com\/index.php?rest_route=\/wp\/v2\/media\/13618"}],"wp:attachment":[{"href":"https:\/\/primiciasclorinda.com\/index.php?rest_route=%2Fwp%2Fv2%2Fmedia&parent=13617"}],"wp:term":[{"taxonomy":"category","embeddable":true,"href":"https:\/\/primiciasclorinda.com\/index.php?rest_route=%2Fwp%2Fv2%2Fcategories&post=13617"},{"taxonomy":"post_tag","embeddable":true,"href":"https:\/\/primiciasclorinda.com\/index.php?rest_route=%2Fwp%2Fv2%2Ftags&post=13617"}],"curies":[{"name":"wp","href":"https:\/\/api.w.org\/{rel}","templated":true}]}}