{"id":135791,"date":"2026-04-24T08:54:05","date_gmt":"2026-04-24T11:54:05","guid":{"rendered":"https:\/\/primiciasclorinda.com\/?p=135791"},"modified":"2026-04-24T08:54:05","modified_gmt":"2026-04-24T11:54:05","slug":"clorinda-imputan-por-homicidio-agravado-a-los-tutores-de-la-nina-fallecida","status":"publish","type":"post","link":"https:\/\/primiciasclorinda.com\/?p=135791","title":{"rendered":"Clorinda. Imputan por homicidio agravado a los tutores de la ni\u00f1a fallecida."},"content":{"rendered":"\n<p><strong>Lo que comenz\u00f3 como una muerte dudosa en el Barrio 500 Viviendas se ha transformado en uno de los casos criminales m\u00e1s atroces de la historia reciente de nuestra ciudad. La Justicia de Clorinda ha dictado una imputaci\u00f3n demoledora contra la pareja de 47 y 48 a\u00f1os que ten\u00eda a su cargo a la v\u00edctima: \u201cHomicidio agravado por ensa\u00f1amiento y alevos\u00eda\u201d.<\/strong><\/p>\n\n\n\n<p><strong>El lunes pasado, el Centro de Salud \u201cJuan Pablo II\u201d fue escenario de una situaci\u00f3n desgarradora. Una ni\u00f1a de solo 2 a\u00f1os ingres\u00f3 sin signos vitales. La inmediata reacci\u00f3n de los m\u00e9dicos, al notar el estado de la menor, activ\u00f3 el protocolo policial que deriv\u00f3 en la intervenci\u00f3n de la Dra. Mar\u00eda Isabel Portales.<\/strong><\/p>\n\n\n\n<figure class=\"wp-block-image size-large is-resized\"><img loading=\"lazy\" decoding=\"async\" width=\"600\" height=\"126\" src=\"http:\/\/primiciasclorinda.com\/wp-content\/uploads\/2026\/04\/hipergasdeconfianza-5-600x126.jpg\" alt=\"\" class=\"wp-image-133122\" style=\"width:840px;height:auto\" srcset=\"https:\/\/primiciasclorinda.com\/wp-content\/uploads\/2026\/04\/hipergasdeconfianza-5-600x126.jpg 600w, https:\/\/primiciasclorinda.com\/wp-content\/uploads\/2026\/04\/hipergasdeconfianza-5-300x63.jpg 300w, https:\/\/primiciasclorinda.com\/wp-content\/uploads\/2026\/04\/hipergasdeconfianza-5-768x162.jpg 768w, https:\/\/primiciasclorinda.com\/wp-content\/uploads\/2026\/04\/hipergasdeconfianza-5.jpg 950w\" sizes=\"auto, (max-width: 600px) 100vw, 600px\" \/><\/figure>\n\n\n\n<p><strong>2. La Autopsia y la gravedad de la imputaci\u00f3n<\/strong><\/p>\n\n\n\n<p><strong>Si bien existe un marcado hermetismo judicial, la calificaci\u00f3n de \u00abensa\u00f1amiento y alevos\u00eda\u00bb sugiere que los resultados de la autopsia revelaron un sufrimiento innecesario y una situaci\u00f3n de total indefensi\u00f3n de la ni\u00f1a.<\/strong><\/p>\n\n\n\n<p><strong>Ensa\u00f1amiento: Implica el deseo de causar un dolor excesivo y deliberado antes de la muerte.<\/strong><\/p>\n\n\n\n<p><strong>Alevos\u00eda: Se refiere a actuar sobre seguro, aprovechando la incapacidad de la v\u00edctima para defenderse o advertir el peligro.<\/strong><\/p>\n\n\n\n<p><strong>3. El misterio de la guarda: \u00bfQui\u00e9nes eran estas ni\u00f1as?<\/strong><\/p>\n\n\n\n<p><strong>Uno de los puntos m\u00e1s oscuros que investiga la Dra. Portales es el origen de la v\u00edctima y de otra peque\u00f1a de 1 a\u00f1o que tambi\u00e9n conviv\u00eda con los imputados. Ambas ni\u00f1as son de nacionalidad paraguaya y, seg\u00fan trascendi\u00f3, no tendr\u00edan v\u00ednculo de parentesco con la pareja clorindense.<\/strong><\/p>\n\n\n\n<p><strong>Rescate: La ni\u00f1a de un a\u00f1o fue retirada del hogar por orden judicial y trasladada a un centro de protecci\u00f3n de menores en Formosa Capital para garantizar su integridad.<\/strong><\/p>\n\n\n\n<p><strong>4. Medidas actuales y allanamientos<\/strong><\/p>\n\n\n\n<p><strong>La pareja permanece detenida mientras la Justicia reconstruye las \u00faltimas horas de vida de la menor. Los allanamientos realizados en el domicilio de los imputados buscaron elementos que expliquen c\u00f3mo y por qu\u00e9 estas ni\u00f1as estaban bajo su cuidado, y en qu\u00e9 condiciones viv\u00edan realmente.<\/strong><\/p>\n\n\n\n<p><strong>5. Impacto social<\/strong><\/p>\n\n\n\n<p><strong>La comunidad de Clorinda permanece en estado de shock. El silencio oficial responde a la necesidad de proteger las pruebas en una causa de extrema sensibilidad, pero la presi\u00f3n social por justicia crece a medida que se conocen los ribetes de esta tragedia.<\/strong><\/p>\n\n\n<figure class=\"wp-block-post-featured-image\"><img loading=\"lazy\" decoding=\"async\" width=\"950\" height=\"600\" src=\"https:\/\/primiciasclorinda.com\/wp-content\/uploads\/2026\/04\/judicialclorinda-10.jpg\" class=\"attachment-post-thumbnail size-post-thumbnail wp-post-image\" alt=\"\" style=\"object-fit:cover;\" srcset=\"https:\/\/primiciasclorinda.com\/wp-content\/uploads\/2026\/04\/judicialclorinda-10.jpg 950w, https:\/\/primiciasclorinda.com\/wp-content\/uploads\/2026\/04\/judicialclorinda-10-300x189.jpg 300w, https:\/\/primiciasclorinda.com\/wp-content\/uploads\/2026\/04\/judicialclorinda-10-475x300.jpg 475w, https:\/\/primiciasclorinda.com\/wp-content\/uploads\/2026\/04\/judicialclorinda-10-768x485.jpg 768w\" sizes=\"auto, (max-width: 950px) 100vw, 950px\" \/><\/figure>","protected":false},"excerpt":{"rendered":"<div class=\"mh-excerpt\"><p>Lo que comenz\u00f3 como una muerte dudosa en el Barrio 500 Viviendas se ha transformado en uno de los casos criminales m\u00e1s atroces de la <a class=\"mh-excerpt-more\" href=\"https:\/\/primiciasclorinda.com\/?p=135791\" title=\"Clorinda. Imputan por homicidio agravado a los tutores de la ni\u00f1a fallecida.\">[&#8230;]<\/a><\/p>\n<\/div>","protected":false},"author":3,"featured_media":135772,"comment_status":"open","ping_status":"open","sticky":false,"template":"","format":"standard","meta":{"footnotes":""},"categories":[5431,6,10],"tags":[26,7132,7131,7133,7134],"class_list":["post-135791","post","type-post","status-publish","format-standard","has-post-thumbnail","hentry","category-clorinda","category-cultura","category-policiales","tag-clorinda","tag-homicidio-agravado","tag-imputados","tag-nina-2-anos","tag-tutores"],"_links":{"self":[{"href":"https:\/\/primiciasclorinda.com\/index.php?rest_route=\/wp\/v2\/posts\/135791","targetHints":{"allow":["GET"]}}],"collection":[{"href":"https:\/\/primiciasclorinda.com\/index.php?rest_route=\/wp\/v2\/posts"}],"about":[{"href":"https:\/\/primiciasclorinda.com\/index.php?rest_route=\/wp\/v2\/types\/post"}],"author":[{"embeddable":true,"href":"https:\/\/primiciasclorinda.com\/index.php?rest_route=\/wp\/v2\/users\/3"}],"replies":[{"embeddable":true,"href":"https:\/\/primiciasclorinda.com\/index.php?rest_route=%2Fwp%2Fv2%2Fcomments&post=135791"}],"version-history":[{"count":1,"href":"https:\/\/primiciasclorinda.com\/index.php?rest_route=\/wp\/v2\/posts\/135791\/revisions"}],"predecessor-version":[{"id":135792,"href":"https:\/\/primiciasclorinda.com\/index.php?rest_route=\/wp\/v2\/posts\/135791\/revisions\/135792"}],"wp:featuredmedia":[{"embeddable":true,"href":"https:\/\/primiciasclorinda.com\/index.php?rest_route=\/wp\/v2\/media\/135772"}],"wp:attachment":[{"href":"https:\/\/primiciasclorinda.com\/index.php?rest_route=%2Fwp%2Fv2%2Fmedia&parent=135791"}],"wp:term":[{"taxonomy":"category","embeddable":true,"href":"https:\/\/primiciasclorinda.com\/index.php?rest_route=%2Fwp%2Fv2%2Fcategories&post=135791"},{"taxonomy":"post_tag","embeddable":true,"href":"https:\/\/primiciasclorinda.com\/index.php?rest_route=%2Fwp%2Fv2%2Ftags&post=135791"}],"curies":[{"name":"wp","href":"https:\/\/api.w.org\/{rel}","templated":true}]}}