{"id":135789,"date":"2026-04-24T08:51:05","date_gmt":"2026-04-24T11:51:05","guid":{"rendered":"https:\/\/primiciasclorinda.com\/?p=135789"},"modified":"2026-04-24T08:51:05","modified_gmt":"2026-04-24T11:51:05","slug":"clorinda-jornada-de-capacitacion-orientada-a-los-primeros-auxilios-psicologicos-en-situacion-de-crisis-suicida","status":"publish","type":"post","link":"https:\/\/primiciasclorinda.com\/?p=135789","title":{"rendered":"Clorinda. Jornada de capacitaci\u00f3n orientada a los primeros auxilios psicol\u00f3gicos en situaci\u00f3n de crisis suicida."},"content":{"rendered":"\n<p><strong>En el marco del trabajo coordinado de la Mesa Intersectorial para la Prevenci\u00f3n del Suicidio de Clorinda, y mediante la articulaci\u00f3n entre el Ministerio de Desarrollo Humano y el Ministerio de Cultura y Educaci\u00f3n, se desarroll\u00f3 en la jornada de hoy una capacitaci\u00f3n orientada a primeros auxilios psicol\u00f3gicos, prevenci\u00f3n del suicidio y ciberbullying.<\/strong><\/p>\n\n\n\n<p><strong>Tema: PRIMEROS AUXILIOS PSICOLOGICOS EN SITUACION DE CRISIS SUICIDA<\/strong><\/p>\n\n\n\n<figure class=\"wp-block-image size-large is-resized\"><img loading=\"lazy\" decoding=\"async\" width=\"600\" height=\"126\" src=\"http:\/\/primiciasclorinda.com\/wp-content\/uploads\/2026\/04\/hipergasdeconfianza-5-600x126.jpg\" alt=\"\" class=\"wp-image-133122\" style=\"width:839px;height:auto\" srcset=\"https:\/\/primiciasclorinda.com\/wp-content\/uploads\/2026\/04\/hipergasdeconfianza-5-600x126.jpg 600w, https:\/\/primiciasclorinda.com\/wp-content\/uploads\/2026\/04\/hipergasdeconfianza-5-300x63.jpg 300w, https:\/\/primiciasclorinda.com\/wp-content\/uploads\/2026\/04\/hipergasdeconfianza-5-768x162.jpg 768w, https:\/\/primiciasclorinda.com\/wp-content\/uploads\/2026\/04\/hipergasdeconfianza-5.jpg 950w\" sizes=\"auto, (max-width: 600px) 100vw, 600px\" \/><\/figure>\n\n\n\n<p><strong>La propuesta estuvo dirigida a equipos directivos y docentes de los niveles primario y secundario, y fue impulsada por la Delegada Zonal de Clorinda, Lic. Feliciana Coronel. La organizaci\u00f3n se llev\u00f3 adelante de manera conjunta con la Direcci\u00f3n del Hospital\u201cDr. Cruz Felipe Arnedo\u201d y su servicio de salud mental.<\/strong><\/p>\n\n\n\n<p><strong>M\u00e1s de 100 docentes participaron distribuidos en dos turnos, propiciando un espacio de intercambio enriquecedor junto a los profesionales a cargo: la Lic. Fabiola Iza, representante de la L\u00ednea de Prevenci\u00f3n del Suicidio, y el Lic. Marcelo Kremis, Director de Salud Mental del Ministerio de Desarrollo Humano.<\/strong><\/p>\n\n\n<figure class=\"wp-block-post-featured-image\"><img loading=\"lazy\" decoding=\"async\" width=\"950\" height=\"600\" src=\"https:\/\/primiciasclorinda.com\/wp-content\/uploads\/2026\/04\/jornadacapacitacion-9.jpg\" class=\"attachment-post-thumbnail size-post-thumbnail wp-post-image\" alt=\"\" style=\"object-fit:cover;\" srcset=\"https:\/\/primiciasclorinda.com\/wp-content\/uploads\/2026\/04\/jornadacapacitacion-9.jpg 950w, https:\/\/primiciasclorinda.com\/wp-content\/uploads\/2026\/04\/jornadacapacitacion-9-300x189.jpg 300w, https:\/\/primiciasclorinda.com\/wp-content\/uploads\/2026\/04\/jornadacapacitacion-9-475x300.jpg 475w, https:\/\/primiciasclorinda.com\/wp-content\/uploads\/2026\/04\/jornadacapacitacion-9-768x485.jpg 768w\" sizes=\"auto, (max-width: 950px) 100vw, 950px\" \/><\/figure>","protected":false},"excerpt":{"rendered":"<div class=\"mh-excerpt\"><p>En el marco del trabajo coordinado de la Mesa Intersectorial para la Prevenci\u00f3n del Suicidio de Clorinda, y mediante la articulaci\u00f3n entre el Ministerio de <a class=\"mh-excerpt-more\" href=\"https:\/\/primiciasclorinda.com\/?p=135789\" title=\"Clorinda. Jornada de capacitaci\u00f3n orientada a los primeros auxilios psicol\u00f3gicos en situaci\u00f3n de crisis suicida.\">[&#8230;]<\/a><\/p>\n<\/div>","protected":false},"author":3,"featured_media":135777,"comment_status":"open","ping_status":"open","sticky":false,"template":"","format":"standard","meta":{"footnotes":""},"categories":[5431,6],"tags":[7129,26,7130,3622,7128],"class_list":["post-135789","post","type-post","status-publish","format-standard","has-post-thumbnail","hentry","category-clorinda","category-cultura","tag-auxilios-psicologicos","tag-clorinda","tag-crisis-suicida","tag-hospital-arnedo","tag-jornada-capacitacion"],"_links":{"self":[{"href":"https:\/\/primiciasclorinda.com\/index.php?rest_route=\/wp\/v2\/posts\/135789","targetHints":{"allow":["GET"]}}],"collection":[{"href":"https:\/\/primiciasclorinda.com\/index.php?rest_route=\/wp\/v2\/posts"}],"about":[{"href":"https:\/\/primiciasclorinda.com\/index.php?rest_route=\/wp\/v2\/types\/post"}],"author":[{"embeddable":true,"href":"https:\/\/primiciasclorinda.com\/index.php?rest_route=\/wp\/v2\/users\/3"}],"replies":[{"embeddable":true,"href":"https:\/\/primiciasclorinda.com\/index.php?rest_route=%2Fwp%2Fv2%2Fcomments&post=135789"}],"version-history":[{"count":1,"href":"https:\/\/primiciasclorinda.com\/index.php?rest_route=\/wp\/v2\/posts\/135789\/revisions"}],"predecessor-version":[{"id":135790,"href":"https:\/\/primiciasclorinda.com\/index.php?rest_route=\/wp\/v2\/posts\/135789\/revisions\/135790"}],"wp:featuredmedia":[{"embeddable":true,"href":"https:\/\/primiciasclorinda.com\/index.php?rest_route=\/wp\/v2\/media\/135777"}],"wp:attachment":[{"href":"https:\/\/primiciasclorinda.com\/index.php?rest_route=%2Fwp%2Fv2%2Fmedia&parent=135789"}],"wp:term":[{"taxonomy":"category","embeddable":true,"href":"https:\/\/primiciasclorinda.com\/index.php?rest_route=%2Fwp%2Fv2%2Fcategories&post=135789"},{"taxonomy":"post_tag","embeddable":true,"href":"https:\/\/primiciasclorinda.com\/index.php?rest_route=%2Fwp%2Fv2%2Ftags&post=135789"}],"curies":[{"name":"wp","href":"https:\/\/api.w.org\/{rel}","templated":true}]}}