{"id":135783,"date":"2026-04-24T08:43:58","date_gmt":"2026-04-24T11:43:58","guid":{"rendered":"https:\/\/primiciasclorinda.com\/?p=135783"},"modified":"2026-04-24T08:43:58","modified_gmt":"2026-04-24T11:43:58","slug":"el-pami-formosa-tiene-nuevo-titular-ricardo-de-nestosa-a-cargo-de-la-ugl-xxiii-de-formosa","status":"publish","type":"post","link":"https:\/\/primiciasclorinda.com\/?p=135783","title":{"rendered":"El PAMI Formosa tiene nuevo titular, Ricardo de Nestosa a cargo de la UGL XXIII de Formosa."},"content":{"rendered":"\n<p><strong>El Instituto Nacional de Servicios Sociales para Jubilados y Pensionados (INSSJP) oficializ\u00f3 la designaci\u00f3n de Ricardo Alberto De Nestosa como nuevo titular de la Unidad de Gesti\u00f3n Local (UGL) XXIII de Formosa, a trav\u00e9s de una resoluci\u00f3n administrativa dictada en fecha 22 de abril de este a\u00f1o.<\/strong><\/p>\n\n\n\n<p><strong>La medida dispuesta por las autoridades del PAMI establece que De Nestosa se desempe\u00f1ar\u00e1 en la delegaci\u00f3n provincial dependiente de la Unidad de Gesti\u00f3n T\u00e9cnico Operativa, con una carga horaria de 45 horas semanales. Adem\u00e1s, se le asignan formalmente las funciones de conducci\u00f3n de la UGL, cuya titularidad se encontraba vacante tras la salida del anterior delegado, H\u00e9ctor Brizuela.<\/strong><\/p>\n\n\n\n<figure class=\"wp-block-image size-large is-resized\"><img loading=\"lazy\" decoding=\"async\" width=\"600\" height=\"126\" src=\"http:\/\/primiciasclorinda.com\/wp-content\/uploads\/2026\/04\/hipergasdeconfianza-5-600x126.jpg\" alt=\"\" class=\"wp-image-133122\" style=\"width:840px;height:auto\" srcset=\"https:\/\/primiciasclorinda.com\/wp-content\/uploads\/2026\/04\/hipergasdeconfianza-5-600x126.jpg 600w, https:\/\/primiciasclorinda.com\/wp-content\/uploads\/2026\/04\/hipergasdeconfianza-5-300x63.jpg 300w, https:\/\/primiciasclorinda.com\/wp-content\/uploads\/2026\/04\/hipergasdeconfianza-5-768x162.jpg 768w, https:\/\/primiciasclorinda.com\/wp-content\/uploads\/2026\/04\/hipergasdeconfianza-5.jpg 950w\" sizes=\"auto, (max-width: 600px) 100vw, 600px\" \/><\/figure>\n\n\n\n<p><strong>Desde el organismo nacional, m\u00e1s conocido como PAMI, indicaron que la designaci\u00f3n responde a la necesidad de garantizar el normal funcionamiento de la estructura local y asegurar la prestaci\u00f3n de servicios m\u00e9dico-asistenciales a los afiliados. En ese sentido, se record\u00f3 que las Unidades de Gesti\u00f3n Local tienen como responsabilidad representar al instituto en su jurisdicci\u00f3n y asegurar el acceso al men\u00fa prestacional de la obra social.<\/strong><\/p>\n\n\n\n<p><strong>No obstante, se dej\u00f3 en claro que la incorporaci\u00f3n del funcionario quedar\u00e1 sujeta al cumplimiento de una serie de requisitos establecidos en la normativa vigente. Entre ellos, la presentaci\u00f3n de documentaci\u00f3n personal, certificaci\u00f3n de antecedentes penales, historial laboral, declaraci\u00f3n jurada de incompatibilidades y la aprobaci\u00f3n de ex\u00e1menes m\u00e9dicos y psicot\u00e9cnicos.<\/strong><\/p>\n\n\n\n<p><strong>Asimismo, la designaci\u00f3n tambi\u00e9n depender\u00e1 del informe de la Oficina Anticorrupci\u00f3n sobre la presentaci\u00f3n de la declaraci\u00f3n jurada patrimonial. Seg\u00fan se detalla en la resoluci\u00f3n, estos requisitos deber\u00e1n completarse en un plazo de 30 d\u00edas desde la notificaci\u00f3n.<\/strong><\/p>\n\n\n\n<p><strong>Por otra parte, se aclara que el nombramiento perder\u00e1 validez autom\u00e1ticamente si no se concreta el alta laboral dentro de los 60 d\u00edas posteriores a la emisi\u00f3n del acto administrativo.<\/strong><\/p>\n\n\n\n<p><strong>La resoluci\u00f3n se inscribe dentro de las facultades del Director Ejecutivo del organismo, conforme a la legislaci\u00f3n vigente que regula el funcionamiento del PAMI y su estructura organizativa a nivel nacional.<\/strong><\/p>\n\n\n\n<p><strong>De Nestosa es docente, con v\u00ednculos familiares con el radicalismo pero sin militancia activa. La designaci\u00f3n establece una carga horaria de 45 horas semanales y plazos administrativos para completar la documentaci\u00f3n requerida.<\/strong><\/p>\n\n\n<figure class=\"wp-block-post-featured-image\"><img loading=\"lazy\" decoding=\"async\" width=\"950\" height=\"600\" src=\"https:\/\/primiciasclorinda.com\/wp-content\/uploads\/2026\/04\/nuevofuncionario-6.jpg\" class=\"attachment-post-thumbnail size-post-thumbnail wp-post-image\" alt=\"\" style=\"object-fit:cover;\" srcset=\"https:\/\/primiciasclorinda.com\/wp-content\/uploads\/2026\/04\/nuevofuncionario-6.jpg 950w, https:\/\/primiciasclorinda.com\/wp-content\/uploads\/2026\/04\/nuevofuncionario-6-300x189.jpg 300w, https:\/\/primiciasclorinda.com\/wp-content\/uploads\/2026\/04\/nuevofuncionario-6-475x300.jpg 475w, https:\/\/primiciasclorinda.com\/wp-content\/uploads\/2026\/04\/nuevofuncionario-6-768x485.jpg 768w\" sizes=\"auto, (max-width: 950px) 100vw, 950px\" \/><\/figure>","protected":false},"excerpt":{"rendered":"<div class=\"mh-excerpt\"><p>El Instituto Nacional de Servicios Sociales para Jubilados y Pensionados (INSSJP) oficializ\u00f3 la designaci\u00f3n de Ricardo Alberto De Nestosa como nuevo titular de la Unidad <a class=\"mh-excerpt-more\" href=\"https:\/\/primiciasclorinda.com\/?p=135783\" title=\"El PAMI Formosa tiene nuevo titular, Ricardo de Nestosa a cargo de la UGL XXIII de Formosa.\">[&#8230;]<\/a><\/p>\n<\/div>","protected":false},"author":3,"featured_media":135775,"comment_status":"open","ping_status":"open","sticky":false,"template":"","format":"standard","meta":{"footnotes":""},"categories":[3],"tags":[7123,7124],"class_list":["post-135783","post","type-post","status-publish","format-standard","has-post-thumbnail","hentry","category-politica-economia","tag-ricardo-de-nestosa","tag-titular-pami-formosa"],"_links":{"self":[{"href":"https:\/\/primiciasclorinda.com\/index.php?rest_route=\/wp\/v2\/posts\/135783","targetHints":{"allow":["GET"]}}],"collection":[{"href":"https:\/\/primiciasclorinda.com\/index.php?rest_route=\/wp\/v2\/posts"}],"about":[{"href":"https:\/\/primiciasclorinda.com\/index.php?rest_route=\/wp\/v2\/types\/post"}],"author":[{"embeddable":true,"href":"https:\/\/primiciasclorinda.com\/index.php?rest_route=\/wp\/v2\/users\/3"}],"replies":[{"embeddable":true,"href":"https:\/\/primiciasclorinda.com\/index.php?rest_route=%2Fwp%2Fv2%2Fcomments&post=135783"}],"version-history":[{"count":1,"href":"https:\/\/primiciasclorinda.com\/index.php?rest_route=\/wp\/v2\/posts\/135783\/revisions"}],"predecessor-version":[{"id":135784,"href":"https:\/\/primiciasclorinda.com\/index.php?rest_route=\/wp\/v2\/posts\/135783\/revisions\/135784"}],"wp:featuredmedia":[{"embeddable":true,"href":"https:\/\/primiciasclorinda.com\/index.php?rest_route=\/wp\/v2\/media\/135775"}],"wp:attachment":[{"href":"https:\/\/primiciasclorinda.com\/index.php?rest_route=%2Fwp%2Fv2%2Fmedia&parent=135783"}],"wp:term":[{"taxonomy":"category","embeddable":true,"href":"https:\/\/primiciasclorinda.com\/index.php?rest_route=%2Fwp%2Fv2%2Fcategories&post=135783"},{"taxonomy":"post_tag","embeddable":true,"href":"https:\/\/primiciasclorinda.com\/index.php?rest_route=%2Fwp%2Fv2%2Ftags&post=135783"}],"curies":[{"name":"wp","href":"https:\/\/api.w.org\/{rel}","templated":true}]}}