{"id":135771,"date":"2026-04-24T08:41:22","date_gmt":"2026-04-24T11:41:22","guid":{"rendered":"https:\/\/primiciasclorinda.com\/?p=135771"},"modified":"2026-04-24T08:41:22","modified_gmt":"2026-04-24T11:41:22","slug":"javier-milei-dijo-que-acompanara-a-manuel-adorni-en-el-congreso-y-confirmo-que-buscara-la-reeleccion","status":"publish","type":"post","link":"https:\/\/primiciasclorinda.com\/?p=135771","title":{"rendered":"Javier Milei dijo que acompa\u00f1ar\u00e1 a Manuel Adorni en el Congreso y confirm\u00f3 que buscar\u00e1 la reelecci\u00f3n"},"content":{"rendered":"\n<p><strong>[LA NACI\u00d3N] El Presidente afirm\u00f3 que estar\u00e1 junto al jefe de Gabinete, que es investigado por presunto enriquecimiento il\u00edcito, cuando exponga este mi\u00e9rcoles en Diputados; adem\u00e1s, dio detalles de su reuni\u00f3n con Peter Thiel<\/strong><\/p>\n\n\n\n<p><strong>l presidente&nbsp;Javier Milei&nbsp;confirm\u00f3 este jueves que acompa\u00f1ar\u00e1 al jefe de Gabinete,&nbsp;Manuel Adorni, en su exposici\u00f3n del pr\u00f3ximo mi\u00e9rcoles&nbsp;<a href=\"https:\/\/www.lanacion.com.ar\/politica\/el-oficialismo-prepara-el-terreno-para-defender-a-adorni-y-no-descarta-la-presencia-de-milei-nid13042026\/\">en el Congreso<\/a>.&nbsp;\u201cVoy a estar ah\u00ed. Voy a ir a escuchar a mi jefe de Gabinete\u201d, confirm\u00f3. Tambi\u00e9n&nbsp;dijo que ir\u00e1 por la reelecci\u00f3n&nbsp;y brind\u00f3 detalles de su encuentro con el empresario estadounidense&nbsp;Peter Thiel.<\/strong><\/p>\n\n\n\n<figure class=\"wp-block-image size-large is-resized\"><img loading=\"lazy\" decoding=\"async\" width=\"600\" height=\"126\" src=\"http:\/\/primiciasclorinda.com\/wp-content\/uploads\/2026\/04\/hipergasdeconfianza-5-600x126.jpg\" alt=\"\" class=\"wp-image-133122\" style=\"width:840px;height:auto\" srcset=\"https:\/\/primiciasclorinda.com\/wp-content\/uploads\/2026\/04\/hipergasdeconfianza-5-600x126.jpg 600w, https:\/\/primiciasclorinda.com\/wp-content\/uploads\/2026\/04\/hipergasdeconfianza-5-300x63.jpg 300w, https:\/\/primiciasclorinda.com\/wp-content\/uploads\/2026\/04\/hipergasdeconfianza-5-768x162.jpg 768w, https:\/\/primiciasclorinda.com\/wp-content\/uploads\/2026\/04\/hipergasdeconfianza-5.jpg 950w\" sizes=\"auto, (max-width: 600px) 100vw, 600px\" \/><\/figure>\n\n\n\n<p><strong>Adorni dar\u00e1 su informe de gesti\u00f3n el pr\u00f3ximo 29 de abril, que&nbsp;<a href=\"https:\/\/www.lanacion.com.ar\/politica\/con-el-aval-de-milei-adorni-ya-prepara-una-defensa-judicial-para-su-exposicion-en-el-congreso-nid14042026\/\">se estaba preparando en Casa Rosada<\/a>&nbsp;con dos equipos que trabajan en forma paralela.<\/strong><\/p>\n\n\n\n<p><strong>La decisi\u00f3n de Milei de acompa\u00f1arlo&nbsp;es una clara muestra de respaldo&nbsp;en un momento donde el funcionario se encuentra&nbsp;bajo la lupa por&nbsp;<a href=\"https:\/\/www.lanacion.com.ar\/politica\/la-justicia-confirmo-que-manuel-adorni-pago-8874-dolares-en-efectivo-para-hospedarse-en-aruba-nid23042026\/\">la investigaci\u00f3n penal por enriquecimiento il\u00edcito<\/a>&nbsp;que pesa sobre \u00e9l tras las revelaciones sobre su patrimonio y viajes.<\/strong><\/p>\n\n\n\n<p><strong>El Presidente asegur\u00f3 que estar\u00e1 junto a \u00e9l durante la presentaci\u00f3n, que constar\u00e1 de dos partes: una vinculada al informe y otra que ser\u00e1 estrictamente sobre cuestiones de gesti\u00f3n. Luego, deber\u00e1 responder las preguntas de los legisladores, enfocadas principalmente en&nbsp;los supuestos&nbsp;<a href=\"https:\/\/www.lanacion.com.ar\/politica\/corrupcion-en-la-andis-spagnuolo-y-calvete-seran-nuevamente-indagados-junto-a-otras-27-personas-nid09042026\/\">hechos de corrupci\u00f3n<\/a>&nbsp;que acechan a la administraci\u00f3n libertaria.<\/strong><\/p>\n\n\n\n<p><strong>Esto incluye el presunto&nbsp;pago de sobornos&nbsp;en&nbsp;la Agencia Nacional de Discapacidad (Andis), la&nbsp;<a href=\"https:\/\/www.lanacion.com.ar\/politica\/libra-la-camara-federal-rechazo-el-intento-de-novelli-de-ser-acusador-en-la-causa-sobre-el-contenido-nid16042026\/\">causa por la difusi\u00f3n de la criptomoneda $LIBRA<\/a>&nbsp;y la investigaci\u00f3n que involucra&nbsp;al propio Adorni.<\/strong><\/p>\n\n\n\n<p><strong>\u201cManuel dar\u00e1 las respuestas que correspondan. La Justicia est\u00e1 trabajando tranquila. Se van cumpliendo todos los pasos. Nosotros estamos muy tranquilos\u201d, asegur\u00f3 en di\u00e1logo con el programa&nbsp;<em>ArgenDat<\/em>a, en el canal Neura.<\/strong><\/p>\n\n\n\n<p><strong>El mandatario tambi\u00e9n mencion\u00f3 que ir\u00e1 por&nbsp;la reelecci\u00f3n.&nbsp;\u201cMe voy a presentar. No solo voy a terminar este mandato, sino que&nbsp;voy a aplicar a otro&nbsp;si creo que hice las cosas bien. Pero eso despu\u00e9s lo decide la gente\u201d, se\u00f1al\u00f3.<\/strong><\/p>\n\n\n\n<p><strong>Su reuni\u00f3n con Peter Thiel<\/strong><\/p>\n\n\n\n<p><strong>Milei brind\u00f3 detalles sobre&nbsp;<a href=\"https:\/\/www.lanacion.com.ar\/politica\/milei-recibio-al-magnate-tecnologico-peter-thiel-nid23042026\/\">el encuentro que mantuvo este jueves con uno de los empresarios e inversionistas m\u00e1s influyentes<\/a>&nbsp;de&nbsp;Silicon Valley, el \u00e1rea de Estados Unidos que agrupa a la mayor cantidad de empresas emergentes, tecnol\u00f3gicas y militares de Estados Unidos.&nbsp;\u201cFue una reuni\u00f3n maravillosa\u201d, expres\u00f3.<\/strong><\/p>\n\n\n\n<p><strong>Luego, aclar\u00f3 que, aunque no hablaron de inversiones, el empresario tiene intereses en&nbsp;\u201cel sector de agronegocios\u201d. \u201c\u00c9l pregunt\u00f3 qu\u00e9 est\u00e1bamos haciendo para crear las bases para que el liberalismo se sostenga m\u00e1s all\u00e1 de que est\u00e9 yo o no en la presidencia\u201d, cont\u00f3.<\/strong><\/p>\n\n\n\n<p><strong>Se trat\u00f3 de la segunda visita del empresario a Balcarce 50. En mayo de 2024 hab\u00eda llegado acompa\u00f1ado por el embajador argentino en Estados Unidos,&nbsp;Alex Oxenford.<\/strong><\/p>\n\n\n\n<p><strong>Tambi\u00e9n, Milei dijo que&nbsp;Thiel&nbsp;est\u00e1 interesado en \u201cser presidente siendo anarcocapitalista\u201d. Hablaron de la gesti\u00f3n y el rol de la pol\u00edtica. \u201cLe dije que la batalla cultural es lo que garantizaba el resultado a largo plazo\u201d, plante\u00f3 Milei.<\/strong><\/p>\n\n\n\n<p><strong>Seg\u00fan cont\u00f3 el Presidente, el magnate se interes\u00f3 por&nbsp;\u201cel tema del impuesto a la riqueza\u201d. Dijo que hablaron sobre la envidia y que ambos piensan \u201clos impuestos como un robo\u201d.<\/strong><\/p>\n\n\n\n<p><strong>La soberan\u00eda de las Islas Malvinas<\/strong><\/p>\n\n\n\n<p><strong>Para el final de la entrevista, el Presidente sostuvo que desde su administraci\u00f3n est\u00e1n haciendo \u201ctodo lo humanamente posible&nbsp;para que&nbsp;<a href=\"https:\/\/www.lanacion.com.ar\/sociedad\/el-dolor-por-la-guerra-de-malvinas-y-el-gesto-de-un-pueblo-que-se-quedo-sin-pan-para-recibir-a-los-nid02042026\/\">las Malvinas<\/a>&nbsp;vuelvan a manos de la Argentina\u201d.<\/strong><\/p>\n\n\n\n<p><strong>\u201cLa soberan\u00eda no se negocia. Pero hay que hacerlo de manera criteriosa, con cerebro\u201d, dijo. Luego, cit\u00f3 una frase: \u201cCerebro fr\u00edo al servicio de coraz\u00f3n caliente\u201d.<\/strong><\/p>\n\n\n\n<p><strong>\u201cA veces algunos confunden la imbecilidad confrontada con el cerebro fr\u00edo.&nbsp;Nosotros estamos haciendo avances como nunca se han hecho. Pero no depende solo de nosotros. No hay foro en que no hagamos el reclamo.&nbsp;Estamos consiguiendo apoyos nunca vistos, como el de Chile\u201d, explic\u00f3.<\/strong><\/p>\n\n\n\n<p><strong>Y sum\u00f3: \u201cTanto cuando fue el caso de Diana Mondino, como el de Gerardo Werthein, como el de Pablo Quirno,&nbsp;es un tema que vivimos tirando arriba de la mesa, en todas las mesas. Pero no podemos decir todas las cosas que hacemos\u201d.<\/strong><\/p>\n\n\n<figure class=\"wp-block-post-featured-image\"><img loading=\"lazy\" decoding=\"async\" width=\"950\" height=\"600\" src=\"https:\/\/primiciasclorinda.com\/wp-content\/uploads\/2026\/04\/mileienelcongreso-7.jpg\" class=\"attachment-post-thumbnail size-post-thumbnail wp-post-image\" alt=\"\" style=\"object-fit:cover;\" srcset=\"https:\/\/primiciasclorinda.com\/wp-content\/uploads\/2026\/04\/mileienelcongreso-7.jpg 950w, https:\/\/primiciasclorinda.com\/wp-content\/uploads\/2026\/04\/mileienelcongreso-7-300x189.jpg 300w, https:\/\/primiciasclorinda.com\/wp-content\/uploads\/2026\/04\/mileienelcongreso-7-475x300.jpg 475w, https:\/\/primiciasclorinda.com\/wp-content\/uploads\/2026\/04\/mileienelcongreso-7-768x485.jpg 768w\" sizes=\"auto, (max-width: 950px) 100vw, 950px\" \/><\/figure>","protected":false},"excerpt":{"rendered":"<div class=\"mh-excerpt\"><p>[LA NACI\u00d3N] El Presidente afirm\u00f3 que estar\u00e1 junto al jefe de Gabinete, que es investigado por presunto enriquecimiento il\u00edcito, cuando exponga este mi\u00e9rcoles en Diputados; <a class=\"mh-excerpt-more\" href=\"https:\/\/primiciasclorinda.com\/?p=135771\" title=\"Javier Milei dijo que acompa\u00f1ar\u00e1 a Manuel Adorni en el Congreso y confirm\u00f3 que buscar\u00e1 la reelecci\u00f3n\">[&#8230;]<\/a><\/p>\n<\/div>","protected":false},"author":3,"featured_media":135776,"comment_status":"open","ping_status":"open","sticky":false,"template":"","format":"standard","meta":{"footnotes":""},"categories":[3],"tags":[7122,4236,6654],"class_list":["post-135771","post","type-post","status-publish","format-standard","has-post-thumbnail","hentry","category-politica-economia","tag-informe-congreso","tag-javier-milei","tag-manuel-adorni"],"_links":{"self":[{"href":"https:\/\/primiciasclorinda.com\/index.php?rest_route=\/wp\/v2\/posts\/135771","targetHints":{"allow":["GET"]}}],"collection":[{"href":"https:\/\/primiciasclorinda.com\/index.php?rest_route=\/wp\/v2\/posts"}],"about":[{"href":"https:\/\/primiciasclorinda.com\/index.php?rest_route=\/wp\/v2\/types\/post"}],"author":[{"embeddable":true,"href":"https:\/\/primiciasclorinda.com\/index.php?rest_route=\/wp\/v2\/users\/3"}],"replies":[{"embeddable":true,"href":"https:\/\/primiciasclorinda.com\/index.php?rest_route=%2Fwp%2Fv2%2Fcomments&post=135771"}],"version-history":[{"count":1,"href":"https:\/\/primiciasclorinda.com\/index.php?rest_route=\/wp\/v2\/posts\/135771\/revisions"}],"predecessor-version":[{"id":135782,"href":"https:\/\/primiciasclorinda.com\/index.php?rest_route=\/wp\/v2\/posts\/135771\/revisions\/135782"}],"wp:featuredmedia":[{"embeddable":true,"href":"https:\/\/primiciasclorinda.com\/index.php?rest_route=\/wp\/v2\/media\/135776"}],"wp:attachment":[{"href":"https:\/\/primiciasclorinda.com\/index.php?rest_route=%2Fwp%2Fv2%2Fmedia&parent=135771"}],"wp:term":[{"taxonomy":"category","embeddable":true,"href":"https:\/\/primiciasclorinda.com\/index.php?rest_route=%2Fwp%2Fv2%2Fcategories&post=135771"},{"taxonomy":"post_tag","embeddable":true,"href":"https:\/\/primiciasclorinda.com\/index.php?rest_route=%2Fwp%2Fv2%2Ftags&post=135771"}],"curies":[{"name":"wp","href":"https:\/\/api.w.org\/{rel}","templated":true}]}}