{"id":135261,"date":"2026-04-23T08:30:49","date_gmt":"2026-04-23T11:30:49","guid":{"rendered":"https:\/\/primiciasclorinda.com\/?p=135261"},"modified":"2026-04-23T08:45:15","modified_gmt":"2026-04-23T11:45:15","slug":"cuenta-regresiva-para-el-inicio-a-50-dias-del-mundial-la-lista-de-scaloni","status":"publish","type":"post","link":"https:\/\/primiciasclorinda.com\/?p=135261","title":{"rendered":"Cuenta regresiva para el inicio. A 50 d\u00edas del Mundial: la lista de Scaloni"},"content":{"rendered":"\n<p><strong>La Copa que se jugar\u00e1 en Estados Unidos, Canad\u00e1 y M\u00e9xico entra en el conteo final. Los detalles de la concentraci\u00f3n argentina y la actualidad de los jugadores.<\/strong><\/p>\n\n\n\n<p><strong>Todav\u00eda no hay fixtures en los comercios ni prodes en el trabajo, tampoco figuritas repetidas en Parque Rivadavia ni una canci\u00f3n pegadiza en la calle. Pero el Mundial se acerca y quedan&nbsp;50 d\u00edas&nbsp;para la ceremonia de inauguraci\u00f3n.<\/strong><\/p>\n\n\n\n<figure class=\"wp-block-image size-large is-resized\"><img loading=\"lazy\" decoding=\"async\" width=\"600\" height=\"126\" src=\"http:\/\/primiciasclorinda.com\/wp-content\/uploads\/2026\/04\/hipergasdeconfianza-5-600x126.jpg\" alt=\"\" class=\"wp-image-133122\" style=\"width:840px;height:auto\" srcset=\"https:\/\/primiciasclorinda.com\/wp-content\/uploads\/2026\/04\/hipergasdeconfianza-5-600x126.jpg 600w, https:\/\/primiciasclorinda.com\/wp-content\/uploads\/2026\/04\/hipergasdeconfianza-5-300x63.jpg 300w, https:\/\/primiciasclorinda.com\/wp-content\/uploads\/2026\/04\/hipergasdeconfianza-5-768x162.jpg 768w, https:\/\/primiciasclorinda.com\/wp-content\/uploads\/2026\/04\/hipergasdeconfianza-5.jpg 950w\" sizes=\"auto, (max-width: 600px) 100vw, 600px\" \/><\/figure>\n\n\n\n<p><strong>El primer encuentro tendr\u00e1 cita en el m\u00edtico&nbsp;Estadio Azteca&nbsp;-con m\u00e1s de&nbsp;87.000 espectadores-, con el duelo entre&nbsp;M\u00e9xico y Sud\u00e1frica, el jueves&nbsp;11 de junio a las 16hs.<\/strong><\/p>\n\n\n\n<p><strong>Ser\u00e1 la primera Copa con&nbsp;tres sedes,&nbsp;48 selecciones&nbsp;-repartidas en&nbsp;12 grupos- y&nbsp;104 partidos. El equipo campe\u00f3n esta vez jugar\u00e1&nbsp;ocho partidos, en lugar de los siete habituales, por la incorporaci\u00f3n de&nbsp;16avos de final.<\/strong><\/p>\n\n\n\n<p><strong>El cierre de la cita mundialista ser\u00e1 el&nbsp;domingo 19 de julio&nbsp;en el Metlife de&nbsp;Nueva York, un estadio de f\u00fatbol americano con capacidad para&nbsp;82.000 personas.<\/strong><\/p>\n\n\n\n<p><strong>Una de las grandes pol\u00e9micas de esta final ser\u00e1 el&nbsp;show de medio tiempo&nbsp;-estilo&nbsp;Superbowl-, que ya confirm\u00f3 la FIFA.&nbsp;Coldplay&nbsp;es la banda elegida para encabezarlo y su duraci\u00f3n ser\u00eda de&nbsp;30 minutos, el doble del lapso habitual para el entretiempo de cualquier partido. Este Mundial rompe cualquier formato, incluso reglamentario.<\/strong><\/p>\n\n\n\n<p><strong>El Mundial, adem\u00e1s, cuenta con un&nbsp;\u00e1lbum oficial de canciones&nbsp;con artistas que mezclan el rock, el sonido country y la cumbia mexicana.<\/strong><\/p>\n\n\n\n<p><strong>La Agenda de Argentina<\/strong><\/p>\n\n\n\n<p><strong>La Selecci\u00f3n har\u00e1 base en Kansas, donde jugar\u00e1 dos de los tres partidos de Fase de Grupos.<\/strong><\/p>\n\n\n\n<p><strong>Antes del comienzo de su participaci\u00f3n en la Copa, Argentina jugar\u00e1&nbsp;dos amistosos: el 6 de junio ante&nbsp;Honduras&nbsp;y el 9 de junio contra&nbsp;Islandia.<\/strong><\/p>\n\n\n\n<p><strong>Lionel Scaloni ya entreg\u00f3 una prelista de citados y la fecha l\u00edmite para el anuncio de los convocados es el&nbsp;30 de mayo.<\/strong><\/p>\n\n\n\n<p><strong>La prelista es de entre 35 y 55 nombres, y la definitiva tendr\u00e1&nbsp;26 futbolistas.<\/strong><\/p>\n\n\n\n<p><strong>En este contexto, con el correr de los d\u00edas los futbolistas argentinos entraron en una fase de preocupaci\u00f3n -en algunos casos m\u00e1s psicol\u00f3gica que f\u00edsica-, a pocos d\u00edas del comienzo de la concentraci\u00f3n.<\/strong><\/p>\n\n\n\n<p><strong>Entre los que tienen un lugar asegurado, el que m\u00e1s inquietud genera es&nbsp;Cuti Romero. Su lesi\u00f3n ligamentaria lo dejar\u00e1 sin futbol hasta el comienzo de la Copa, pero el defensor -pieza clave del equipo multicampe\u00f3n- llegar\u00e1 bien fisicamente.<\/strong><\/p>\n\n\n\n<p><strong>El \u00faltimo en encender las alarmas fue&nbsp;Enzo Fern\u00e1ndez, que dej\u00f3 el partido ante Manchester United con gestos de dolor. Desde el Chelsea descartaron una lesi\u00f3n y confirmaron que \u201cest\u00e1 en perfectas condiciones\u201d.<\/strong><\/p>\n\n\n\n<p><strong>Hasta que finalmente puedan enfocarse en el Mundial, a los jugadores les queda el&nbsp;cierre de cada liga, la fase final de la&nbsp;Champions&nbsp;y la clasificaci\u00f3n a 8vos en&nbsp;Libertadores&nbsp;y&nbsp;Sudamericana.<\/strong><\/p>\n\n\n\n<p><strong>En el \u00e1mbito local, los jugadores que sean citados todav\u00eda tienen por delante dos fechas de la Zona de Grupos y la&nbsp;fase eliminatoria del Torneo Apertura. La final de la Liga Profesional ser\u00e1 el domingo&nbsp;24 de mayo. Ese fin de semana tambi\u00e9n terminar\u00e1n las ligas europeas.<\/strong><\/p>\n\n\n\n<p><strong>Mientras que la \u00faltima semana de competici\u00f3n en las Copas Libertadores y Sudamericana ser\u00e1 del&nbsp;26 al 28 de mayo.<\/strong><\/p>\n\n\n\n<p><strong>Las semis de la Champions comienzan la semana que viene y la final ser\u00e1 el&nbsp;30 de mayo.<\/strong><\/p>\n\n\n\n<p><strong>La agenda argentina<\/strong><\/p>\n\n\n\n<p><strong>Amistosos<\/strong><\/p>\n\n\n\n<ul class=\"wp-block-list\">\n<li><strong>6 de junio: Honduras<\/strong><\/li>\n\n\n\n<li><strong>9 de junio: Islandia<\/strong><\/li>\n<\/ul>\n\n\n\n<p><strong>Fase de grupos<\/strong><\/p>\n\n\n\n<ul class=\"wp-block-list\">\n<li><strong>16 de junio: Argelia<\/strong><\/li>\n\n\n\n<li><strong>22 de junio: Austria<\/strong><\/li>\n\n\n\n<li><strong>27 de junio: Jordania<\/strong><\/li>\n<\/ul>\n\n\n<figure class=\"wp-block-post-featured-image\"><img loading=\"lazy\" decoding=\"async\" width=\"950\" height=\"600\" src=\"https:\/\/primiciasclorinda.com\/wp-content\/uploads\/2026\/04\/mundialtrespaises-1.jpg\" class=\"attachment-post-thumbnail size-post-thumbnail wp-post-image\" alt=\"\" style=\"object-fit:cover;\" srcset=\"https:\/\/primiciasclorinda.com\/wp-content\/uploads\/2026\/04\/mundialtrespaises-1.jpg 950w, https:\/\/primiciasclorinda.com\/wp-content\/uploads\/2026\/04\/mundialtrespaises-1-300x189.jpg 300w, https:\/\/primiciasclorinda.com\/wp-content\/uploads\/2026\/04\/mundialtrespaises-1-475x300.jpg 475w, https:\/\/primiciasclorinda.com\/wp-content\/uploads\/2026\/04\/mundialtrespaises-1-768x485.jpg 768w\" sizes=\"auto, (max-width: 950px) 100vw, 950px\" \/><\/figure>","protected":false},"excerpt":{"rendered":"<div class=\"mh-excerpt\"><p>La Copa que se jugar\u00e1 en Estados Unidos, Canad\u00e1 y M\u00e9xico entra en el conteo final. Los detalles de la concentraci\u00f3n argentina y la actualidad <a class=\"mh-excerpt-more\" href=\"https:\/\/primiciasclorinda.com\/?p=135261\" title=\"Cuenta regresiva para el inicio. A 50 d\u00edas del Mundial: la lista de Scaloni\">[&#8230;]<\/a><\/p>\n<\/div>","protected":false},"author":3,"featured_media":135246,"comment_status":"open","ping_status":"open","sticky":false,"template":"","format":"standard","meta":{"footnotes":""},"categories":[5],"tags":[7119,5066],"class_list":["post-135261","post","type-post","status-publish","format-standard","has-post-thumbnail","hentry","category-deportes","tag-lista-de-scaloni","tag-mundial-2026"],"_links":{"self":[{"href":"https:\/\/primiciasclorinda.com\/index.php?rest_route=\/wp\/v2\/posts\/135261","targetHints":{"allow":["GET"]}}],"collection":[{"href":"https:\/\/primiciasclorinda.com\/index.php?rest_route=\/wp\/v2\/posts"}],"about":[{"href":"https:\/\/primiciasclorinda.com\/index.php?rest_route=\/wp\/v2\/types\/post"}],"author":[{"embeddable":true,"href":"https:\/\/primiciasclorinda.com\/index.php?rest_route=\/wp\/v2\/users\/3"}],"replies":[{"embeddable":true,"href":"https:\/\/primiciasclorinda.com\/index.php?rest_route=%2Fwp%2Fv2%2Fcomments&post=135261"}],"version-history":[{"count":1,"href":"https:\/\/primiciasclorinda.com\/index.php?rest_route=\/wp\/v2\/posts\/135261\/revisions"}],"predecessor-version":[{"id":135262,"href":"https:\/\/primiciasclorinda.com\/index.php?rest_route=\/wp\/v2\/posts\/135261\/revisions\/135262"}],"wp:featuredmedia":[{"embeddable":true,"href":"https:\/\/primiciasclorinda.com\/index.php?rest_route=\/wp\/v2\/media\/135246"}],"wp:attachment":[{"href":"https:\/\/primiciasclorinda.com\/index.php?rest_route=%2Fwp%2Fv2%2Fmedia&parent=135261"}],"wp:term":[{"taxonomy":"category","embeddable":true,"href":"https:\/\/primiciasclorinda.com\/index.php?rest_route=%2Fwp%2Fv2%2Fcategories&post=135261"},{"taxonomy":"post_tag","embeddable":true,"href":"https:\/\/primiciasclorinda.com\/index.php?rest_route=%2Fwp%2Fv2%2Ftags&post=135261"}],"curies":[{"name":"wp","href":"https:\/\/api.w.org\/{rel}","templated":true}]}}