{"id":13438,"date":"2019-03-04T11:42:40","date_gmt":"2019-03-04T14:42:40","guid":{"rendered":"http:\/\/primiciasclorinda.com\/?p=13438"},"modified":"2019-03-04T11:42:40","modified_gmt":"2019-03-04T14:42:40","slug":"docentes-autoconvocados-anunciaron-paro-en-formosa-los-dias-6-7-y-8","status":"publish","type":"post","link":"https:\/\/primiciasclorinda.com\/?p=13438","title":{"rendered":"Docentes Autoconvocados anunciaron paro en Formosa los d\u00edas 6, 7 y 8"},"content":{"rendered":"<p style=\"text-align: justify;\">La Asamblea convocada el s\u00e1bado 2 de marzo por el Gremio de los Docentes Autoconvocados, resolvi\u00f3 luego de la lectura y an\u00e1lisis de los mandatos escritos de distintos establecimientos educativos, adherir al paro nacional convocado por CTERA del 6 al 8 de marzo, movilizando en Formosa el d\u00eda 8 en consonancia con el Paro Internacional de Mujeres.<\/p>\n<p style=\"text-align: justify;\">\u00abEl paro es una forma de manifestar disconformidad, reclamar por las distintas situaciones que sufren hoy los\/as trabajadores\/as de la educaci\u00f3n del pa\u00eds. Han pretendido distintos gobiernos nacionales y provinciales fragmentar la lucha docente que hoy cobra fuerza en algunos distritos donde el ajuste intenta someter y doblegar la resistencia docente que defiende estatutos, licencias, excelencia acad\u00e9mica llegando hasta la criminalizaci\u00f3n de la protesta\u00bb, explic\u00f3 Nilda Beatriz Pati\u00f1o, Secretaria General del Gremio de los Docentes Autoconvocados.<\/p>\n<p style=\"text-align: justify;\">\u00abConocemos y acompa\u00f1amos solidariamente la lucha de los docentes de Santa Cruz, con un gobierno de signo peronista que los ataca y ataca al sistema educativo en su totalidad. Con escuelas destruidas, con salarios abonados en cuotas y ahora con dirigentes procesados como intento de frenar la lucha. Repudiamos esa pol\u00edtica sea del signo que fuera como repudiamos tambi\u00e9n la pol\u00edtica del gobierno de Mendoza reivindicado como de Cambiemos que estableci\u00f3 el \u00cdtem Aula (moderno presentismo) que significa m\u00e1s de la mitad del salario impidiendo hacer uso de licencia por enfermedad a riesgo de perder el 50% del salario, moda que pretender\u00e1n copiar otros gobiernos provinciales como forma de ajuste y quita de derechos\u00bb, advirti\u00f3 Pati\u00f1o.<\/p>\n<p style=\"text-align: justify;\">\u00abEn ese sentido acompa\u00f1aremos la marcha provincial en Mendoza prevista para fines de marzo, todo esto en el entendimiento de que hay un plan nacional con el aval de los gobiernos provinciales sin importar el signo pol\u00edtico. Por ello la respuesta de la docencia debe ser m\u00e1s unidad, en los discursos y en los hechos. En ese sentido se inscribe este paro nacional que tiene sus aristas provinciales, porque ac\u00e1 en Formosa no hay paritarias y estamos asistiendo diariamente a casos de violaciones del estatuto que en los hechos desconocen desde el ministro y hasta el gobernador en resoluciones o decretos. Desaparecen cargos de listado de junta, se nombran en cargos directivos fuera del estatuto, se aplica silenciosamente la reforma del secundario con reducci\u00f3n de horas c\u00e1tedras, etc., por ello las\/os docentes del gremio de los Docentes Autoconvocados haremos paro los d\u00edas 6,7 y 8\u00bb, explic\u00f3 la docente.<\/p>\n<p style=\"text-align: justify;\"><strong>Un aumento que se lo come la crisis o ganancias<\/strong><\/p>\n<p style=\"text-align: justify;\">De la misma forma Pati\u00f1o se expres\u00f3 con respecto al anuncio del aumento salarial y asegur\u00f3 que \u00abtodo aumento es bueno para los trabajadores, m\u00e1s a\u00fan si dicho incremento cubre la canasta b\u00e1sica hoy estipulada por el Indec en 30.000 pesos mejor. Es importante analizar que en el 2018 seg\u00fan estad\u00edsticas locales (Quintana) la inflaci\u00f3n fue del 41% y del 47% (Macri) seg\u00fan medici\u00f3n nacional, por ello este porcentaje de aumento anunciado para marzo solo cubre un 25%\u00bb.<\/p>\n<p style=\"text-align: justify;\">\u00abDe esta manera el b\u00e1sico queda en $ 8.394,69 y se completa con sumas no remunerativas (en negro) para alcanzar el salario inicial de 16.500 en marzo. En junio el b\u00e1sico ser\u00e1 de $ 9.821. Otra mirada ser\u00eda imaginar mitad de a\u00f1o; en julio los maestros con un a\u00f1o de antig\u00fcedad van a cobrar 6000 pesos de aguinaldo. \u00bfEsa es la mitad de los $16500? No, los 6000 son la mitad del b\u00e1sico m\u00e1s adicionales como presentismo (si no falt\u00f3), antig\u00fcedad, m\u00e1s zona\u00bb, grafic\u00f3 la dirigente.<\/p>\n<p style=\"text-align: justify;\">\u00abSi el alguien se quiere mentir a s\u00ed mismo o a los docentes que el incremento es fenomenal -porque habr\u00e1 docentes que cobran 20%, 40%, 80% o 200% de zona y tienen una antig\u00fcedad superior a los 20 a\u00f1os-, que lo haga. Pero tenemos compa\u00f1eros que reci\u00e9n se inician y va a cobrar 6000 pesos de aguinaldo. Y en el caso de los compa\u00f1eros con m\u00e1s antig\u00fcedad y mayor carga horaria o mayor zona ser\u00e1n esquilmados por el Impuesto a las Ganancias\u00bb, advirti\u00f3.<\/p>\n<p style=\"text-align: justify;\">\u00abTodo este an\u00e1lisis sin que consideremos que tuvimos incrementos en los servicios locales de m\u00e1s de cuarenta por ciento en el mes de enero y que para el 15 de marzo cuando venzan la luz y el agua ya vamos a agregar la primera cuota de aumento nacional del 2019. Una paritaria ser\u00eda m\u00e1s que necesaria (que no existe en Formosa); es importante porque las partes se re\u00fanen en un marco de negociaci\u00f3n y establecen pautas para discutir. En cada discusi\u00f3n se labran actas con los acuerdos y desacuerdos y cada organizaci\u00f3n deber\u00e1 ratificar o rectificar esas actas ante sus respectivos afiliados\/as. En Formosa nunca hubo paritarias, podr\u00edamos plantear tantas cosas y resolver conjuntamente trayendo lo que pasa en el territorio real de escuelas y colegios pero se niegan a eso\u00bb, lament\u00f3.<\/p>\n<p style=\"text-align: justify;\">Con relaci\u00f3n al 8 de marzo, la secretaria general expres\u00f3 que \u00abeste a\u00f1o millones de mujeres en todo el mundo vamos protagonizar una huelga feminista en todas las ciudades, barrios y pueblos, vamos a ocupar las calles para hacer visibles nuestros trabajos, nuestras demandas y nuestros cuerpos. Nosotros como organizaci\u00f3n participaremos de actividades previstas por organizaciones de mujeres de la Provincia y tendremos alguna propia como marchar hacia Casa de Gobierno donde presentaremos un petitorio a gobernador solicitando la obligatoriedad de la ense\u00f1anza de la ESI a fin de brindar herramientas para el desarrollo de propuestas pedag\u00f3gicas relevantes, equitativas y justas para varones y mujeres, respetuosas de la diversidad sexual, que contribuyan a una trayectoria escolar de calidad para todos y todas, incorporar a la legislaci\u00f3n escolar un protocolo \u00fanico de actuaci\u00f3n en casos de violencia laboral y de g\u00e9nero como tambi\u00e9n informar a trav\u00e9s de todos los medios a la poblaci\u00f3n la importancia de la Educaci\u00f3n Sexual Integral en Escuelas y Colegios para prevenir y no lamentar\u00bb.<\/p>\n<p style=\"text-align: justify;\">\u00abEstamos convencidas de la importancia de movilizarnos el 8 de marzo a Casa de Gobierno, porque Gildo Insfr\u00e1n no solo decide cu\u00e1nto vamos a ganar, sino que tambi\u00e9n es el que determina las pol\u00edticas p\u00fablicas. En ese sentido no puede verse por separado nuestra lucha como trabajadores y trabajadoras contra el ajuste, de la lucha del movimiento de mujeres a nivel nacional e internacional por el derecho de recibir educaci\u00f3n sexual integral como el de decidir sobre nuestros cuerpos\u00bb, finaliz\u00f3 Pati\u00f1o.<\/p>\n<p style=\"text-align: justify;\">Fuente: Diario expres<\/p>\n","protected":false},"excerpt":{"rendered":"<div class=\"mh-excerpt\"><p>La Asamblea convocada el s\u00e1bado 2 de marzo por el Gremio de los Docentes Autoconvocados, resolvi\u00f3 luego de la lectura y an\u00e1lisis de los mandatos <a class=\"mh-excerpt-more\" href=\"https:\/\/primiciasclorinda.com\/?p=13438\" title=\"Docentes Autoconvocados anunciaron paro en Formosa los d\u00edas 6, 7 y 8\">[&#8230;]<\/a><\/p>\n<\/div>","protected":false},"author":3,"featured_media":4975,"comment_status":"open","ping_status":"open","sticky":false,"template":"","format":"standard","meta":{"footnotes":""},"categories":[3],"tags":[2352,494,227,82,23],"class_list":["post-13438","post","type-post","status-publish","format-standard","has-post-thumbnail","hentry","category-politica-economia","tag-clases","tag-ctera","tag-docentes","tag-docentes-autoconvocados","tag-formosa"],"_links":{"self":[{"href":"https:\/\/primiciasclorinda.com\/index.php?rest_route=\/wp\/v2\/posts\/13438","targetHints":{"allow":["GET"]}}],"collection":[{"href":"https:\/\/primiciasclorinda.com\/index.php?rest_route=\/wp\/v2\/posts"}],"about":[{"href":"https:\/\/primiciasclorinda.com\/index.php?rest_route=\/wp\/v2\/types\/post"}],"author":[{"embeddable":true,"href":"https:\/\/primiciasclorinda.com\/index.php?rest_route=\/wp\/v2\/users\/3"}],"replies":[{"embeddable":true,"href":"https:\/\/primiciasclorinda.com\/index.php?rest_route=%2Fwp%2Fv2%2Fcomments&post=13438"}],"version-history":[{"count":1,"href":"https:\/\/primiciasclorinda.com\/index.php?rest_route=\/wp\/v2\/posts\/13438\/revisions"}],"predecessor-version":[{"id":13439,"href":"https:\/\/primiciasclorinda.com\/index.php?rest_route=\/wp\/v2\/posts\/13438\/revisions\/13439"}],"wp:featuredmedia":[{"embeddable":true,"href":"https:\/\/primiciasclorinda.com\/index.php?rest_route=\/wp\/v2\/media\/4975"}],"wp:attachment":[{"href":"https:\/\/primiciasclorinda.com\/index.php?rest_route=%2Fwp%2Fv2%2Fmedia&parent=13438"}],"wp:term":[{"taxonomy":"category","embeddable":true,"href":"https:\/\/primiciasclorinda.com\/index.php?rest_route=%2Fwp%2Fv2%2Fcategories&post=13438"},{"taxonomy":"post_tag","embeddable":true,"href":"https:\/\/primiciasclorinda.com\/index.php?rest_route=%2Fwp%2Fv2%2Ftags&post=13438"}],"curies":[{"name":"wp","href":"https:\/\/api.w.org\/{rel}","templated":true}]}}