{"id":13409,"date":"2019-03-03T16:49:53","date_gmt":"2019-03-03T19:49:53","guid":{"rendered":"http:\/\/primiciasclorinda.com\/?p=13409"},"modified":"2019-03-03T16:50:33","modified_gmt":"2019-03-03T19:50:33","slug":"entre-aumento-salarial-fondo-a-obras-municipales-y-subsidios-la-provincia-desembolsa-6210-millones","status":"publish","type":"post","link":"https:\/\/primiciasclorinda.com\/?p=13409","title":{"rendered":"Entre aumento salarial, fondo a obras municipales y subsidios, la provincia desembolsa $6210 millones"},"content":{"rendered":"<p style=\"text-align: justify;\">Elogiosos conceptos para con las \u00faltimas decisiones pol\u00edticas del gobernador Gildo Insfran, que entiende est\u00e1n \u201cdirigidas al resguardo de la econom\u00eda de las familias formose\u00f1as, sobre todo a los que menos tienen\u201d, expuso el ministro de Econom\u00eda, Jorge Ib\u00e1\u00f1ez. Cuantifico en 6210 millones de pesos la cifra que el estado desembolsara de recursos genuinos para afrontar aumento salarial a estatales, los subsidios a la tarifa el\u00e9ctrica y transporte urbano, adem\u00e1s del fondo para obras municipales.<\/p>\n<p style=\"text-align: justify;\">Dijo que \u201clas pol\u00edticas recientemente anunciadas por el doctor Insfr\u00e1n ponen de manifiesto claramente que el valor de la justicia social, para el gobierno de Formosa no constituye un simple slogan de campa\u00f1a, es una realidad efectiva que se refleja en todas las acciones que se llevan adelante\u201d.<\/p>\n<p style=\"text-align: justify;\">A modo de \u201cclaro ejemplo\u201d de lo afirmado, considero que \u201cadquieren relevancia\u201d los aumentos salariales a los diferentes escalafones de la administraci\u00f3n p\u00fablica: \u201cRecomposici\u00f3n de haberes del 42 % para todo el personal de la administraci\u00f3n p\u00fablica provincial; tanto pasivos como activos; salarios m\u00ednimos de bolsillo que alcanzar\u00e1n los 18 mil pesos en junio de 2019; un ingreso m\u00ednimo de bolsillo para los docentes de 16.500 pesos a partir de marzo 2019 e incorporaci\u00f3n progresiva de un importe de 1769 pesos al b\u00e1sico, para que el valor del punto \u00edndice alcance en junio de 2019, 49,35 pesos. Adem\u00e1s, incorporar una suma no remunerativa que se ubicar\u00e1 en los 2200 pesos en junio pr\u00f3ximo\u201d.<\/p>\n<p style=\"text-align: justify;\">\u201cSumando todos los incrementos el estado provincial destinar\u00e1 5400 millones de pesos, que recompondr\u00e1n la p\u00e9rdida del valor adquisitivo de los salarios frente a la inflaci\u00f3n que genera el gobierno nacional con sus pol\u00edticas de recesi\u00f3n, ajuste y tarifazos para los sectores asalariados del pa\u00eds\u201d, destaco el titular de la cartera Econ\u00f3mica.<\/p>\n<p style=\"text-align: justify;\"><strong>Subsidios<\/strong><\/p>\n<p style=\"text-align: justify;\">Signific\u00f3 por otra parte que \u201cfrente a la quita unilateral del subsidio a la energ\u00eda por parte del gobierno nacional, el estado provincial asumi\u00f3 la protecci\u00f3n de los que menos tienen, implementando un subsidio al consumo el\u00e9ctrico y destinando 480 millones de pesos al a\u00f1o para compensar los atroces aumentos en las tarifas el\u00e9ctricas que ocasion\u00f3 el gobierno nacional\u201d.<\/p>\n<p style=\"text-align: justify;\">Otra decisi\u00f3n que ratifico esta \u201cen la l\u00ednea de la protecci\u00f3n de la econom\u00eda familiar es la creaci\u00f3n del subsidio al transporte p\u00fablico urbano de pasajeros de la ciudad capital. Se destinar\u00e1n 180 millones de pesos en el a\u00f1o para amortiguar los excesivos aumentos que hubieran ocurrido en el precio del boleto dado la quita que hizo el gobierno nacional de los subsidios al transporte y los combustibles para las empresas\u201d.<\/p>\n<p style=\"text-align: justify;\"><strong>Fondo para obras municipales<\/strong><\/p>\n<p style=\"text-align: justify;\">Ib\u00e1\u00f1ez se\u00f1alo que \u201cel Fondo Sojero eliminado por el gobierno nacional a trav\u00e9s de un DNU unitario y antifederal, dejando a los municipios sin los recursos para continuar las obras de infraestructura urbana que se ven\u00edan desarrollando\u201d. Ante esta decisi\u00f3n es que el ministro explico la decisi\u00f3n del titular del PEP en \u201cinvertir 150 millones de pesos, por tercer a\u00f1o consecutivo al programa \u201cPor Nuestra Gente Todo, Obras y Servicios Municipales\u201d. Indico que \u201cde esta manera los municipios y comisiones de fomento de toda la provincia podr\u00e1n seguir desarrollando los proyectos que mejoran la calidad de vida y servicios en las localidades y al mismo tiempo propician la incorporaci\u00f3n de nuevos puestos de trabajo\u201d.<\/p>\n<p style=\"text-align: justify;\">Para el ministro \u201ctodo lo enunciado revela que una de las estrategias para salir de la recesi\u00f3n es la reactivaci\u00f3n del consumo popular, por ello los recursos deben llegar a la poblaci\u00f3n y dinamizar los diferentes sectores econ\u00f3micos\u201d, en clara discrepancia con quienes \u201cpropician los colosales negocios para las grandes empresas que solo se preocupan de aumentar sus ganancias\u201d.<\/p>\n<p style=\"text-align: justify;\">\u201cCuidar la econom\u00eda familiar, de eso se trata tambi\u00e9n la justicia social bien entendida. Proteger al que menos tiene y generar oportunidades que les permitan ir superando las situaciones dif\u00edciles\u201d, subrayo el titular de la cartera de Econom\u00eda, quien cuantifico que \u201csi sumamos los recursos previstos solamente en estas cuatro pol\u00edticas descriptas brevemente, podemos observar que ingresar\u00e1n al mercado interno o plaza local, un total 6210 millones de pesos\u201d.<\/p>\n<p style=\"text-align: justify;\">Concluyo destacando que \u201cesta decisi\u00f3n se afronta con los recursos propios del tesoro provincial, a pesar de que, como lo confirmaran las cifras oficiales, la recaudaci\u00f3n de impuestos qued\u00f3 retrasada en un 10 % respecto de la inflaci\u00f3n anual, con lo que se demuestra que los recursos por coparticipaci\u00f3n cada vez alcanzan menos\u201d.<\/p>\n","protected":false},"excerpt":{"rendered":"<div class=\"mh-excerpt\"><p>Elogiosos conceptos para con las \u00faltimas decisiones pol\u00edticas del gobernador Gildo Insfran, que entiende est\u00e1n \u201cdirigidas al resguardo de la econom\u00eda de las familias formose\u00f1as, <a class=\"mh-excerpt-more\" href=\"https:\/\/primiciasclorinda.com\/?p=13409\" title=\"Entre aumento salarial, fondo a obras municipales y subsidios, la provincia desembolsa $6210 millones\">[&#8230;]<\/a><\/p>\n<\/div>","protected":false},"author":3,"featured_media":12925,"comment_status":"open","ping_status":"open","sticky":false,"template":"","format":"standard","meta":{"footnotes":""},"categories":[3],"tags":[23,58,2369],"class_list":["post-13409","post","type-post","status-publish","format-standard","has-post-thumbnail","hentry","category-politica-economia","tag-formosa","tag-gobierno-de-formosa","tag-inversion-salarial"],"_links":{"self":[{"href":"https:\/\/primiciasclorinda.com\/index.php?rest_route=\/wp\/v2\/posts\/13409","targetHints":{"allow":["GET"]}}],"collection":[{"href":"https:\/\/primiciasclorinda.com\/index.php?rest_route=\/wp\/v2\/posts"}],"about":[{"href":"https:\/\/primiciasclorinda.com\/index.php?rest_route=\/wp\/v2\/types\/post"}],"author":[{"embeddable":true,"href":"https:\/\/primiciasclorinda.com\/index.php?rest_route=\/wp\/v2\/users\/3"}],"replies":[{"embeddable":true,"href":"https:\/\/primiciasclorinda.com\/index.php?rest_route=%2Fwp%2Fv2%2Fcomments&post=13409"}],"version-history":[{"count":2,"href":"https:\/\/primiciasclorinda.com\/index.php?rest_route=\/wp\/v2\/posts\/13409\/revisions"}],"predecessor-version":[{"id":13411,"href":"https:\/\/primiciasclorinda.com\/index.php?rest_route=\/wp\/v2\/posts\/13409\/revisions\/13411"}],"wp:featuredmedia":[{"embeddable":true,"href":"https:\/\/primiciasclorinda.com\/index.php?rest_route=\/wp\/v2\/media\/12925"}],"wp:attachment":[{"href":"https:\/\/primiciasclorinda.com\/index.php?rest_route=%2Fwp%2Fv2%2Fmedia&parent=13409"}],"wp:term":[{"taxonomy":"category","embeddable":true,"href":"https:\/\/primiciasclorinda.com\/index.php?rest_route=%2Fwp%2Fv2%2Fcategories&post=13409"},{"taxonomy":"post_tag","embeddable":true,"href":"https:\/\/primiciasclorinda.com\/index.php?rest_route=%2Fwp%2Fv2%2Ftags&post=13409"}],"curies":[{"name":"wp","href":"https:\/\/api.w.org\/{rel}","templated":true}]}}